{"id":468497,"date":"2019-05-31T14:34:33","date_gmt":"2019-05-31T12:34:33","guid":{"rendered":"http:\/\/www.ivg.it\/?p=468497"},"modified":"2019-05-31T14:34:33","modified_gmt":"2019-05-31T12:34:33","slug":"coldiretti-una-pazza-primavera-colpisce-il-mercato-delle-piante-in-vaso-liguri","status":"publish","type":"post","link":"https:\/\/staging.ivg.it\/2019\/05\/coldiretti-una-pazza-primavera-colpisce-il-mercato-delle-piante-in-vaso-liguri\/","title":{"rendered":"Coldiretti: &#8220;Una pazza primavera colpisce il mercato delle piante in vaso liguri&#8221;"},"content":{"rendered":"<p><strong>Liguria<\/strong>. Dai gerani alle surfinie dalle margherite alla dipladenia e dimorfoteca: invenduto pi\u00f9 del 35 per cento delle piante in vaso liguri a causa del clima anomalo di questa primavera, che ha fatto slittare di almeno un mese gli acquisti di piante e fiori per ripopolare giardini e terrazzi.<\/p>\n<p>Lo rende noto Coldiretti Liguria stimando le ulteriori perdite patite da uno dei settori cardine dell&#8217;agricoltura Ligure, che aveva gi\u00e0 visto andare in tilt i cicli di fioritura di ranuncoli, anemoni, papaveri e ginestra a causa delle alte temperature invernali e la mancanza di precipitazioni. La lunga ondata di maltempo di questa primavera ha invece congestionato il mercato e fiori di ottima qualit\u00e0 nel pieno della fioritura sono rimasti invenduti sia in Italia sia all&#8217; estero. A reggere \u00e8 stata soltanto la produzione delle aromatiche in vaso della Piana di Albenga che sono riuscite a mantenere la propria fetta di mercato.<\/p>\n<p>La floricoltura in Liguria, che si concentra per il 95 per cento tra le province di Imperia e Savona, conta ad oggi 3.200 aziende di fiori e piante ornamentali in provincia di Imperia e circa mille nella provincia di Savona che hanno fatto registrare nel 2017con una produzione in migliaia di euro pari a circa 755.880,14. I repentini cambi climatici stanno causando non pochi problemi a questo comparto produttivo che deve cercare velocemente nuove soluzioni e sbocchi per tamponare l&#8217;emergenza.<\/p>\n<p>\u201cL&#8217;ondata di maltempo fuori stagione \u2013 affermano il presidente di Coldiretti Liguria Gianluca Boeri e il delegato confederale Bruno Rivarossa \u2013 \u00e8 l&#8217;evidente conseguenza dei cambiamenti climatici che ha colpito il nostro Paese, dove l&#8217;eccezionalit\u00e0 degli eventi atmosferici \u00e8 ormai sempre pi\u00f9 frequente, tanto da aver condizionato nell&#8217;ultimo decennio la redditivit\u00e0 dell&#8217;intero settore agricolo, con le perdite di raccolti dovute a calamit\u00e0 naturali che hanno assunto un carattere sempre pi\u00f9 ricorrente. Purtroppo anche il nostro settore floricolo \u00e8 stato duramente colpito, in un momento dell&#8217;anno dove \u00e8 norma la corsa da parte del consumatore all&#8217;acquisto di piante in vaso per ripopolare i propri giardini e terrazzi\u201d.<\/p>\n<p>\u201cL&#8217;unica soluzione che al momento si pu\u00f2 auspicare \u00e8 che la situazione climatica si normalizzi e che il mercato riprenda a funzionare, per evitare che prodotti d&#8217;eccellenza come quelli della nostra floricoltura vengano sottostimati o addirittura buttati via. \u00c8 importante ricordare che acquistare fiori liguri significa contribuire alla valorizzazione del territorio e alla salvaguardia dell&#8217;ambiente, e sostenere un settore che, a livello nazionale, conta 27mila aziende con 100mila addetti e vale complessivamente 2,5 miliardi di euro. I fiori liguri, e italiani in generale, sono senza dubbio i pi\u00f9 profumati, non solo perch\u00e9 non devono affrontare lunghi viaggi come invece avviene per quelli stranieri che arrivano meno freschi alla meta, ma anche perch\u00e9 molti produttori sono impegnati a selezionare variet\u00e0 che regalano profumi pi\u00f9 intensi e caratteristici\u201d.<\/p>\n","protected":false},"excerpt":{"rendered":"<p>Invenduto pi\u00f9 del 35 per cento delle piante in vaso liguri a causa del clima anomalo di questa primavera<\/p>\n","protected":false},"author":12120,"featured_media":0,"comment_status":"open","ping_status":"closed","sticky":false,"template":"","format":"standard","meta":{"footnotes":""},"categories":[45296,35],"tags":[1664],"class_list":["post-468497","post","type-post","status-publish","format-standard","hentry","category-copertina","category-economia","tag-coldiretti","post_tag_personaggi-bruno-rivarossa","post_tag_personaggi-gianluca-boeri"],"amp_validity":null,"amp_enabled":true,"_links":{"self":[{"href":"https:\/\/staging.ivg.it\/ediapi\/wp\/v2\/posts\/468497","targetHints":{"allow":["GET"]}}],"collection":[{"href":"https:\/\/staging.ivg.it\/ediapi\/wp\/v2\/posts"}],"about":[{"href":"https:\/\/staging.ivg.it\/ediapi\/wp\/v2\/types\/post"}],"author":[{"embeddable":true,"href":"https:\/\/staging.ivg.it\/ediapi\/wp\/v2\/users\/12120"}],"replies":[{"embeddable":true,"href":"https:\/\/staging.ivg.it\/ediapi\/wp\/v2\/comments?post=468497"}],"version-history":[{"count":0,"href":"https:\/\/staging.ivg.it\/ediapi\/wp\/v2\/posts\/468497\/revisions"}],"wp:attachment":[{"href":"https:\/\/staging.ivg.it\/ediapi\/wp\/v2\/media?parent=468497"}],"wp:term":[{"taxonomy":"category","embeddable":true,"href":"https:\/\/staging.ivg.it\/ediapi\/wp\/v2\/categories?post=468497"},{"taxonomy":"post_tag","embeddable":true,"href":"https:\/\/staging.ivg.it\/ediapi\/wp\/v2\/tags?post=468497"}],"curies":[{"name":"wp","href":"https:\/\/api.w.org\/{rel}","templated":true}]}}