{"id":468296,"date":"2019-05-29T13:51:34","date_gmt":"2019-05-29T11:51:34","guid":{"rendered":"http:\/\/www.ivg.it\/?p=468296"},"modified":"2019-05-29T13:51:34","modified_gmt":"2019-05-29T11:51:34","slug":"regione-approvato-il-contributo-di-solidarieta-per-la-disabilita-allasl2-circa-24-milioni-di-euro","status":"publish","type":"post","link":"https:\/\/staging.ivg.it\/2019\/05\/regione-approvato-il-contributo-di-solidarieta-per-la-disabilita-allasl2-circa-24-milioni-di-euro\/","title":{"rendered":"Regione, approvato il Contributo di solidariet\u00e0 per la disabilit\u00e0: all\u2019Asl2 circa 2,4 milioni di euro"},"content":{"rendered":"<p><strong>Regione.<\/strong> La Giunta della Regione Liguria ha approvato il Contributo di solidariet\u00e0 per la disabilit\u00e0, del valore di 15 milioni e mezzo di euro, al fine di garantire la continuit\u00e0 del servizio per l&#8217;anno 2019.<\/p>\n<p>Alla Asl2 Savonese \u00e8 destinata una somma totale di 2.408.081,543 euro, cos\u00ec suddivisa tra i 4 Distretti Socio Sanitari che rappresentano l&#8217;unit\u00e0 organizzativa ottimale per la programmazione e gestione dei servizi sociosanitari: DSS 4, 764.983,71 euro; DSS 5, 477.136,95 euro; DSS 6, 173.554,68 euro; DSS 7, 992.406,21 euro.<\/p>\n<p>Il Contributo di solidariet\u00e0 per la residenzialit\u00e0 e semiresidenzialit\u00e0 \u00e8 finalizzato a sostenere le famiglie in condizioni di fragilit\u00e0 e a basso reddito in riferimento alla compartecipazione alla spesa a carico dell&#8217;utente inserito nelle strutture sociosanitarie residenziali e semiresidenziali pubbliche e private accreditate dalla Regione Liguria per disabili, pazienti psichiatrici e persone affette da Aids.<\/p>\n<p>Il Contributo non costituisce livello essenziale di assistenza e viene erogato in base alla disponibilit\u00e0 delle risorse messe a disposizione della Regione.<\/p>\n<p>In linea con le direttive europee e ministeriali in tema di disabilit\u00e0, il ricorso all&#8217;istituzionalizzazione, seppur parziale, deve infatti considerarsi residuale e fondarsi sul reale bisogno assistenziale della persona laddove siano insufficienti e\/o inappropriati gli interventi a favore della domiciliarit\u00e0 (Dopo di noi, Fondo per la non autosufficienza, Fondo per i gravissimi, Vita indipendente).<\/p>\n","protected":false},"excerpt":{"rendered":"<p>Il valore totale del contributo regionale \u00e8 di 15 milioni e mezzo di euro<\/p>\n","protected":false},"author":18599,"featured_media":0,"comment_status":"open","ping_status":"closed","sticky":false,"template":"","format":"standard","meta":{"footnotes":""},"categories":[56,35],"tags":[8648,875,223],"class_list":["post-468296","post","type-post","status-publish","format-standard","hentry","category-altre","category-economia","tag-asl2-savonese","tag-disabilita","tag-regione-liguria"],"amp_validity":null,"amp_enabled":true,"_links":{"self":[{"href":"https:\/\/staging.ivg.it\/ediapi\/wp\/v2\/posts\/468296","targetHints":{"allow":["GET"]}}],"collection":[{"href":"https:\/\/staging.ivg.it\/ediapi\/wp\/v2\/posts"}],"about":[{"href":"https:\/\/staging.ivg.it\/ediapi\/wp\/v2\/types\/post"}],"author":[{"embeddable":true,"href":"https:\/\/staging.ivg.it\/ediapi\/wp\/v2\/users\/18599"}],"replies":[{"embeddable":true,"href":"https:\/\/staging.ivg.it\/ediapi\/wp\/v2\/comments?post=468296"}],"version-history":[{"count":0,"href":"https:\/\/staging.ivg.it\/ediapi\/wp\/v2\/posts\/468296\/revisions"}],"wp:attachment":[{"href":"https:\/\/staging.ivg.it\/ediapi\/wp\/v2\/media?parent=468296"}],"wp:term":[{"taxonomy":"category","embeddable":true,"href":"https:\/\/staging.ivg.it\/ediapi\/wp\/v2\/categories?post=468296"},{"taxonomy":"post_tag","embeddable":true,"href":"https:\/\/staging.ivg.it\/ediapi\/wp\/v2\/tags?post=468296"}],"curies":[{"name":"wp","href":"https:\/\/api.w.org\/{rel}","templated":true}]}}