{"id":468221,"date":"2019-05-28T16:17:37","date_gmt":"2019-05-28T14:17:37","guid":{"rendered":"http:\/\/www.ivg.it\/?p=468221"},"modified":"2019-05-28T16:58:00","modified_gmt":"2019-05-28T14:58:00","slug":"fallimento-della-scavo-ter-i-fratelli-fotia-rinviati-a-giudizio-con-laccusa-di-bancarotta","status":"publish","type":"post","link":"https:\/\/staging.ivg.it\/2019\/05\/fallimento-della-scavo-ter-i-fratelli-fotia-rinviati-a-giudizio-con-laccusa-di-bancarotta\/","title":{"rendered":"Fallimento della Scavo.Ter: i fratelli Fotia rinviati a giudizio con l&#8217;accusa di bancarotta"},"content":{"rendered":"<p><strong>Savona<\/strong>. I fratelli Donato, Pietro e Francesco Fotia sono stati rinviati a giudizio questa mattina davanti al gup Alessia Ceccardi con l&#8217;accusa di bancarotta fraudolenta per distrazione in relazione al fallimento della Scavo.Ter dichiarato il 22 aprile del 2016 dal tribunale di Savona.<\/p>\n<p>Durante il processo, che inizier\u00e0 a settembre, i fratelli Fotia dovranno rispondere della contestazione di aver sottratto una somma complessiva di 1.125.000 euro dal patrimonio sociale. Soldi che, secondo la Procura, sono il corrispondente dei compensi per gli amministratori, ovvero due dei tre imputati, che per\u00f2 sarebbero stati versati &#8220;in assenza di delibera assembleare di autorizzazione&#8221; contribuendo a creare una situazione di dissesto nei conti della societ\u00e0.<\/p>\n<p>Una tesi contestata da Pietro Fotia che, carte alla mano, in aula ha mostrato le delibere relative ai pagamenti finiti nel mirino degli inquirenti. Per l&#8217;accusa, per\u00f2, quei documenti non sarebbero stati validi perch\u00e9 il consiglio di amministrazione era decaduto e, di conseguenza, quando i pagamenti erano stati erogati non avevano pi\u00f9 valore. Un argomento che, con tutta probabilit\u00e0, sar\u00e0 riaffrontato e approfondito anche durante il dibattimento davanti al collegio del tribunale.<\/p>\n<p>Donato Fotia \u00e8 stato rinviato a giudizio come presidente del cda e amministratore delegato della Scavo.Ter dal 2007 al 2015 e poi come liquidatore, Pietro come amministratore di fatto dell&#8217;azienda di famiglia, mentre Francesco come consigliere del cda dal 2007 al 2015. Nello specifico, i pagamenti su cui si basa l&#8217;accusa di bancarotta sono relativi a 906 mila euro circa, tra il 2010 e il 2015, destinati a compensi per gli amministratori Donato e Francesco; ad altri pagamenti non giustificati per 12700 euro a favore di Francesco, effettuati tra 2012 e 2015; ma anche ad altri pagamenti erogati a favore del consiglio d&#8217;amministrazione nell&#8217;anno 2009 per 206 mila euro.<\/p>\n<p>Nel processo si \u00e8 costituito come parte civile il curatore fallimentare della Scavo.Ter Stefania Chiaruttini rappresentato dall&#8217;avvocato Carlotta Fiori.<\/p>\n","protected":false},"excerpt":{"rendered":"<p>Nel mirino della Procura sono finiti i compensi versati agli amministratori dell&#8217;azienda che sarebbero stati erogati senza autorizzazione del cda<\/p>\n","protected":false},"author":2394,"featured_media":0,"comment_status":"open","ping_status":"closed","sticky":false,"template":"","format":"standard","meta":{"footnotes":""},"categories":[45296,34],"tags":[],"class_list":["post-468221","post","type-post","status-publish","format-standard","hentry","category-copertina","category-cronaca","post_cat_citta-savona"],"amp_validity":null,"amp_enabled":true,"_links":{"self":[{"href":"https:\/\/staging.ivg.it\/ediapi\/wp\/v2\/posts\/468221","targetHints":{"allow":["GET"]}}],"collection":[{"href":"https:\/\/staging.ivg.it\/ediapi\/wp\/v2\/posts"}],"about":[{"href":"https:\/\/staging.ivg.it\/ediapi\/wp\/v2\/types\/post"}],"author":[{"embeddable":true,"href":"https:\/\/staging.ivg.it\/ediapi\/wp\/v2\/users\/2394"}],"replies":[{"embeddable":true,"href":"https:\/\/staging.ivg.it\/ediapi\/wp\/v2\/comments?post=468221"}],"version-history":[{"count":0,"href":"https:\/\/staging.ivg.it\/ediapi\/wp\/v2\/posts\/468221\/revisions"}],"wp:attachment":[{"href":"https:\/\/staging.ivg.it\/ediapi\/wp\/v2\/media?parent=468221"}],"wp:term":[{"taxonomy":"category","embeddable":true,"href":"https:\/\/staging.ivg.it\/ediapi\/wp\/v2\/categories?post=468221"},{"taxonomy":"post_tag","embeddable":true,"href":"https:\/\/staging.ivg.it\/ediapi\/wp\/v2\/tags?post=468221"}],"curies":[{"name":"wp","href":"https:\/\/api.w.org\/{rel}","templated":true}]}}