{"id":468041,"date":"2019-05-27T07:17:44","date_gmt":"2019-05-27T05:17:44","guid":{"rendered":"http:\/\/www.ivg.it\/?p=468041"},"modified":"2019-05-27T07:41:42","modified_gmt":"2019-05-27T05:41:42","slug":"europee-ecco-gli-eletti-benifei-in-bilico-campomenosi-spera-in-genova-fuori-porro","status":"publish","type":"post","link":"https:\/\/staging.ivg.it\/2019\/05\/europee-ecco-gli-eletti-benifei-in-bilico-campomenosi-spera-in-genova-fuori-porro\/","title":{"rendered":"Europee, ecco gli eletti: Benifei in bilico, Campomenosi spera in Genova, fuori Porro"},"content":{"rendered":"<p class=\"p1\"><strong>Liguria.<\/strong>\u00a0Lombardia, Piemonte e Valle d\u2019Aosta formano la circoscrizione I che mette in palio ben 20 seggi. Quello del nord ovest \u00e8 il collegio elettorale pi\u00f9 popoloso tra tutti i 28 stati membri, e uno dei pi\u00f9 duri e difficili dove conquistarsi l\u2019elezione.<\/p>\n<p class=\"p1\">Manca ancora l\u2019ufficialit\u00e0, ma la suddivisione dei seggi dovrebbe essere la seguente: Lega 9, PD 6, M5S 3 e uno a testa per Forza Italia e Fratelli d\u2019Italia.<\/p>\n<p class=\"p1\">La sfida in casa Lega \u00e8 stata vinta ovviamente da Matteo Salvini che viaggia verso le 700 mila preferenze, ma la vera battaglia era alle spalle del vicepremier: come previsto il secondo post \u00e8 andato a Angelo Ciocca 87mila, seguito da Silvia Sardone 43mila preferenze.<\/p>\n<p class=\"p1\">La truppa della Lega sar\u00e0 molto rosa visto che sono in ottima posizione anche Isabella Tovaglieri, Stefania Zambelli, Gianna Gancia e Alessandra Cappellari. Quando mancano circa 1300 sezioni gli altri eletti dovrebbero essere Danilo Lancini e Marco Zanni.<\/p>\n<p class=\"p1\">Attualmente Marco Campomenosi occupa la 12ma posizione con oltre 13900 preferenze mentre Cristina Porro \u00e8 14ma<span class=\"Apple-converted-space\">\u00a0<\/span>con poco pi\u00f9 di 10 mila preferenze. Delle mille sezioni ancora da scrutinare 500 sono genovesi, resta quindi una speranza di recupero per il candidato ligure.<\/p>\n\n<p class=\"p1\">In casa Partito Democratico come previsto Giuliano Pisapia ha fatto il pieno con oltre 250 mila preferenze, davanti a Irene Pagliari (100mila) e Majorino Pierfrancesco (90mila). Praticamente certa di tornare a Bruxelles anche Patrizia Toia, mentre l\u2019ultimo seggio \u00e8 una sfida tra lo spezzino Brando Benifei e la ex governatrice del Piemonte Mercedes Bresso.<\/p>\n<p class=\"p1\">Sar\u00f2 rosa anche la truppa del MoVimento 5 Stelle con probabili elette Eleonora Evi, Maria Angela Danz\u00ec e Tiziana Beghin; il quarto posto \u00e8 in mano a Eugenio Casalino.<\/p>\n<p class=\"p1\">Difficile dire chi sar\u00e0 eletto per FI e FDI, tutto dipender\u00e0 da cosa decideranno di fare i due capilista Berlusconi e Meloni: il primo \u00e8 certo che andr\u00e0 a Bruxelles, ma non \u00e8 certo per quale collegio opter\u00e0, la seconda sicuramente rimarr\u00e0 a Roma e allora potrebbe essere Carlo Fidanza a tornare a Bruxelles.<\/p>\n","protected":false},"excerpt":{"rendered":"<p>La suddivisione dei seggi dovrebbe essere la seguente: Lega 9, PD 6, M5S 3 e uno a testa per Forza Italia e Fratelli d\u2019Italia<\/p>\n","protected":false},"author":13744,"featured_media":0,"comment_status":"open","ping_status":"closed","sticky":false,"template":"","format":"standard","meta":{"footnotes":""},"categories":[45296,31],"tags":[107082],"class_list":["post-468041","post","type-post","status-publish","format-standard","hentry","category-copertina","category-politica","tag-elezioni-europee-2019","post_cat_citta-albenga","post_tag_personaggi-brando-benifei","post_tag_personaggi-cristina-porro","post_tag_personaggi-marco-campomenosi"],"amp_validity":null,"amp_enabled":true,"_links":{"self":[{"href":"https:\/\/staging.ivg.it\/ediapi\/wp\/v2\/posts\/468041","targetHints":{"allow":["GET"]}}],"collection":[{"href":"https:\/\/staging.ivg.it\/ediapi\/wp\/v2\/posts"}],"about":[{"href":"https:\/\/staging.ivg.it\/ediapi\/wp\/v2\/types\/post"}],"author":[{"embeddable":true,"href":"https:\/\/staging.ivg.it\/ediapi\/wp\/v2\/users\/13744"}],"replies":[{"embeddable":true,"href":"https:\/\/staging.ivg.it\/ediapi\/wp\/v2\/comments?post=468041"}],"version-history":[{"count":0,"href":"https:\/\/staging.ivg.it\/ediapi\/wp\/v2\/posts\/468041\/revisions"}],"wp:attachment":[{"href":"https:\/\/staging.ivg.it\/ediapi\/wp\/v2\/media?parent=468041"}],"wp:term":[{"taxonomy":"category","embeddable":true,"href":"https:\/\/staging.ivg.it\/ediapi\/wp\/v2\/categories?post=468041"},{"taxonomy":"post_tag","embeddable":true,"href":"https:\/\/staging.ivg.it\/ediapi\/wp\/v2\/tags?post=468041"}],"curies":[{"name":"wp","href":"https:\/\/api.w.org\/{rel}","templated":true}]}}