{"id":467915,"date":"2019-05-24T19:16:17","date_gmt":"2019-05-24T17:16:17","guid":{"rendered":"http:\/\/www.ivg.it\/?p=467915"},"modified":"2019-05-24T19:34:54","modified_gmt":"2019-05-24T17:34:54","slug":"de-vincenzi-una-campagna-elettorale-per-la-gente-e-sul-territorio-per-pietra-ligure-ci-saro-sempre","status":"publish","type":"post","link":"https:\/\/staging.ivg.it\/2019\/05\/de-vincenzi-una-campagna-elettorale-per-la-gente-e-sul-territorio-per-pietra-ligure-ci-saro-sempre\/","title":{"rendered":"De Vincenzi: &#8220;Una campagna elettorale per la gente e sul territorio, per Pietra Ligure ci sar\u00f2 sempre&#8221;"},"content":{"rendered":"<p><strong>Pietra Ligure.<\/strong> Si \u00e8 conclusa in piazza San Nicol\u00f2 la campagna elettorale di Luigi De Vincenzi, candidato sindaco a Pietra Ligure per le elezioni comunali di domenica. Assieme ai candidati della lista &#8220;Pietra Sempre&#8221; si \u00e8 svolto un apertivo aperto alla cittadinanza, accompagnato da musica e un clima di festa per concludere al meglio il cammino iniziato con l&#8217;obiettivo del terzo mandato da primo cittadino.<\/p>\n<p>&#8220;La sensazione \u00e8 molto positiva, abbiamo fatto una campagna elettorale tra le gente e per i pietresi, con tanti incontri sul territorio e le diverse categorie e associazioni cittadine: sono molto soddisfatto del lavoro fatto e della mia squadra&#8221; afferma De Vincenzi.<\/p>\n<p>&#8220;Spero di poter proseguire dopo il 26 maggio questo rapporto e questa sintonia con la cittadinanza: \u00e8 stata una campagna elettorale impegnativa, ma giusta nei torni e nei contenuti&#8221;.<\/p>\n<p>&#8220;Mi auguro di poter mettere a frutto quanto percepito e indicato dai miei concittadini in questi mesi, realizzando il nostro programma elettorale: da parte loro ho riscontrato la massima fiducia e stima per intraprendere un altro percorso amministrativo&#8221;.<\/p>\n<p>&#8220;D&#8217;altronde la mia candidatura a sindaco \u00e8 stata una scelta dettata dal cuore, come tutti sanno avrei potuto tranquillamente proseguire l&#8217;incarico in Regione, invece ho deciso la strada pi\u00f9 difficile e insidiosa, ma anche quella che sentivo di pi\u00f9&#8230; Un solo impegno: per Pietra Ligure e per i pietresi, ci sar\u00f2 sempre&#8221; conclude De Vincenzi.<\/p>\n","protected":false},"excerpt":{"rendered":"<p>Festa di chiusura della campagna elettorale in piazza San Nicol\u00f2<\/p>\n","protected":false},"author":4,"featured_media":0,"comment_status":"open","ping_status":"closed","sticky":false,"template":"","format":"standard","meta":{"footnotes":""},"categories":[45296,56,31],"tags":[103914,106976],"class_list":["post-467915","post","type-post","status-publish","format-standard","hentry","category-copertina","category-altre","category-politica","tag-pietra-2019","tag-pietra-sempre","post_cat_citta-pietra-ligure","post_tag_personaggi-luigi-de-vincenzi"],"amp_validity":null,"amp_enabled":true,"_links":{"self":[{"href":"https:\/\/staging.ivg.it\/ediapi\/wp\/v2\/posts\/467915","targetHints":{"allow":["GET"]}}],"collection":[{"href":"https:\/\/staging.ivg.it\/ediapi\/wp\/v2\/posts"}],"about":[{"href":"https:\/\/staging.ivg.it\/ediapi\/wp\/v2\/types\/post"}],"author":[{"embeddable":true,"href":"https:\/\/staging.ivg.it\/ediapi\/wp\/v2\/users\/4"}],"replies":[{"embeddable":true,"href":"https:\/\/staging.ivg.it\/ediapi\/wp\/v2\/comments?post=467915"}],"version-history":[{"count":0,"href":"https:\/\/staging.ivg.it\/ediapi\/wp\/v2\/posts\/467915\/revisions"}],"wp:attachment":[{"href":"https:\/\/staging.ivg.it\/ediapi\/wp\/v2\/media?parent=467915"}],"wp:term":[{"taxonomy":"category","embeddable":true,"href":"https:\/\/staging.ivg.it\/ediapi\/wp\/v2\/categories?post=467915"},{"taxonomy":"post_tag","embeddable":true,"href":"https:\/\/staging.ivg.it\/ediapi\/wp\/v2\/tags?post=467915"}],"curies":[{"name":"wp","href":"https:\/\/api.w.org\/{rel}","templated":true}]}}