{"id":467816,"date":"2019-05-23T19:23:06","date_gmt":"2019-05-23T17:23:06","guid":{"rendered":"http:\/\/www.ivg.it\/?p=467816"},"modified":"2019-05-23T19:23:06","modified_gmt":"2019-05-23T17:23:06","slug":"albenga-2019-tomatis-dopo-5-anni-da-vice-sono-pronto-il-nostro-e-un-vero-gruppo","status":"publish","type":"post","link":"https:\/\/staging.ivg.it\/2019\/05\/albenga-2019-tomatis-dopo-5-anni-da-vice-sono-pronto-il-nostro-e-un-vero-gruppo\/","title":{"rendered":"Albenga 2019, Tomatis: Dopo 5 anni da vice sono pronto, il nostro \u00e8 un vero gruppo&#8221;"},"content":{"rendered":"<p><strong>Albenga.<\/strong> &#8220;Albenga merita di poter continuare in un percorso di crescita e, per poterlo fare, chiediamo il supporto di tutti i nostri concittadini&#8221;. Lo afferma il candidato sindaco Riccardo Tomatis che, a pochi giorni dal 26 maggio, ripercorre i motivi che lo hanno spinto ad affrontare questa scelta.<\/p>\n<p>&#8220;Arrivo da 5 anni da vicesindaco, 5 anni molto interessanti e stimolanti. Mi sono trovato in questa situazione e sono orgoglioso di essere stato proposto come candidato sindaco quando Giorgio Cangiano ha fatto un passo di lato, non indietro \u2013 sottolinea \u2013 Giorgio  \u00e8 rimasto come candidato consigliere e questo secondo me \u00e8 un gesto estremamente importante e maturo. Ha continuato a dare la sua disponibilit\u00e0 con uno spirito di servizio che oggi \u00e8 veramente raro&#8221;.<\/p>\n<p>&#8220;In  questi 5 anni sono e siamo cresciuti molto. Tanto \u00e8 stato fatto e tanto credo sia ancora da fare. Questa \u00e8 la ragione per cui ho accettato questa sfida ed ho cercato di trasmettere questa esperienza positiva a tutti coloro che hanno scelto di sostenermi e candidarsi con me&#8221; spiega Tomatis.<\/p>\n<p>Parlando della squadra sottolinea:  &#8220;Le persone che si sono candidate con me, in parte sono gli amministratori uscenti e in parte sono nuovi candidati, tutti cittadini che dalla politica non chiedono niente, ma che, anzi, sono pronti a dare rinunciando magari a qualcosa di personale per offrire un contributo alla loro citt\u00e0&#8221;.<\/p>\n<p>&#8220;Insieme per il futuro&#8221;, &#8220;Progetto comune&#8221; e &#8220;Con Albenga&#8221;: &#8220;Tre liste ma una sola squadra &#8211; sottolinea il candidato sindaco &#8211; siamo un vero gruppo, non cerchiamo di perseguire gli interessi personali, vogliamo tutti una sola cosa: il bene di Albenga; e ci impegneremo per questo&#8221;.<\/p>\n<p>Tornando sull&#8217;esperienza vissuta come amministratore uscente il candidato sindaco Tomatis afferma: &#8220;I 5 anni da vicesindaco sono stati molto importanti anche per la mia formazione. Credo di essere pronto ad affrontare le responsabilit\u00e0 di questo nuovo ruolo se i cittadini decideranno di scegliermi e di scegliere la nostra squadra&#8221;.<\/p>\n","protected":false},"excerpt":{"rendered":"<p>Il candidato sindaco ripercorre i motivi che lo hanno spinto ad affrontare questa scelta<\/p>\n","protected":false},"author":10593,"featured_media":0,"comment_status":"open","ping_status":"closed","sticky":false,"template":"","format":"standard","meta":{"footnotes":""},"categories":[31],"tags":[102707],"class_list":["post-467816","post","type-post","status-publish","format-standard","hentry","category-politica","tag-albenga-2019","post_cat_citta-albenga","post_tag_personaggi-riccardo-tomatis-2"],"amp_validity":null,"amp_enabled":true,"_links":{"self":[{"href":"https:\/\/staging.ivg.it\/ediapi\/wp\/v2\/posts\/467816","targetHints":{"allow":["GET"]}}],"collection":[{"href":"https:\/\/staging.ivg.it\/ediapi\/wp\/v2\/posts"}],"about":[{"href":"https:\/\/staging.ivg.it\/ediapi\/wp\/v2\/types\/post"}],"author":[{"embeddable":true,"href":"https:\/\/staging.ivg.it\/ediapi\/wp\/v2\/users\/10593"}],"replies":[{"embeddable":true,"href":"https:\/\/staging.ivg.it\/ediapi\/wp\/v2\/comments?post=467816"}],"version-history":[{"count":0,"href":"https:\/\/staging.ivg.it\/ediapi\/wp\/v2\/posts\/467816\/revisions"}],"wp:attachment":[{"href":"https:\/\/staging.ivg.it\/ediapi\/wp\/v2\/media?parent=467816"}],"wp:term":[{"taxonomy":"category","embeddable":true,"href":"https:\/\/staging.ivg.it\/ediapi\/wp\/v2\/categories?post=467816"},{"taxonomy":"post_tag","embeddable":true,"href":"https:\/\/staging.ivg.it\/ediapi\/wp\/v2\/tags?post=467816"}],"curies":[{"name":"wp","href":"https:\/\/api.w.org\/{rel}","templated":true}]}}