{"id":467688,"date":"2019-05-22T18:56:40","date_gmt":"2019-05-22T16:56:40","guid":{"rendered":"http:\/\/www.ivg.it\/?p=467688"},"modified":"2019-05-22T18:56:40","modified_gmt":"2019-05-22T16:56:40","slug":"albenga-riccardo-tomatis-agricoltura-e-floricoltura-fondamentale-indotto-delleconomia-albenganese","status":"publish","type":"post","link":"https:\/\/staging.ivg.it\/2019\/05\/albenga-riccardo-tomatis-agricoltura-e-floricoltura-fondamentale-indotto-delleconomia-albenganese\/","title":{"rendered":"Albenga, Riccardo Tomatis: \u201cAgricoltura e floricoltura fondamentale indotto dell&#8217;economia albenganese\u201d"},"content":{"rendered":"<p><strong>Albenga.<\/strong> \u201cTra floricoltura e orticoltura la Piana di Albenga \u00e8, infatti, la zona pi\u00f9 agricola della regione, ma per sostenere e favorire il settore dove si producono vere eccellenze Made in Liguria, servono adeguate strategie. Da questa esigenza \u00e8 nata la richiesta di un confronto\u201d.<\/p>\n<p>Parola del candidato sindaco di Albenga Riccardo Tomatis, pronto a prendere parte, questa sera, a partire dalle 20,15, ad un nuovo confronto tra candidati sindaco organizzato da Coldiretti, presso la sede dell\u2019Ortofrutticola, a Bastia.<\/p>\n<p>\u201cLa mia risposta non \u00e8 tardata ad arrivare e la disponibilit\u00e0 dimostrata \u00e8 stata piena ed immediata. L&#8217;agricoltura e la floricoltura rappresentano un fondamentale indotto dell&#8217;economia albenganese. Per superare la crisi occorrer\u00e0 puntare sull&#8217;innovazione e la coesione fra i produttori per fare sistema. La capacit\u00e0 degli agricoltori ingauni \u00e8 sempre stata quella di &#8220;inventare&#8221; nuove produzioni e metodi di coltivazione\u201d, ha proseguito Tomatis.<\/p>\n<p>&#8220;Il nostro impegno \u00e8 quello di continuare ad assumere decisioni in modo condiviso ed unitario attraverso una sinergia tra l&#8217;Amministrazione e le Associazioni di categoria che in questi anni abbiamo sempre portato avanti. Proprio per questo ritengo sia non solo importante, ma anzi fondamentale, continuare ad ascoltare le esigenze provenienti dal territorio e dai cittadini\u201d, ha concluso.<\/p>\n","protected":false},"excerpt":{"rendered":"<p>Questa sera, il confronto tra candidati sindaco di Albenga organizzato da Coldiretti nella sede dell\u2019Ortofrutticola<\/p>\n","protected":false},"author":18599,"featured_media":0,"comment_status":"open","ping_status":"closed","sticky":false,"template":"","format":"standard","meta":{"footnotes":""},"categories":[31],"tags":[102707,106614],"class_list":["post-467688","post","type-post","status-publish","format-standard","hentry","category-politica","tag-albenga-2019","tag-continuita-guardando-al-futuro","post_cat_citta-albenga","post_tag_personaggi-riccardo-tomatis-2"],"amp_validity":null,"amp_enabled":true,"_links":{"self":[{"href":"https:\/\/staging.ivg.it\/ediapi\/wp\/v2\/posts\/467688","targetHints":{"allow":["GET"]}}],"collection":[{"href":"https:\/\/staging.ivg.it\/ediapi\/wp\/v2\/posts"}],"about":[{"href":"https:\/\/staging.ivg.it\/ediapi\/wp\/v2\/types\/post"}],"author":[{"embeddable":true,"href":"https:\/\/staging.ivg.it\/ediapi\/wp\/v2\/users\/18599"}],"replies":[{"embeddable":true,"href":"https:\/\/staging.ivg.it\/ediapi\/wp\/v2\/comments?post=467688"}],"version-history":[{"count":0,"href":"https:\/\/staging.ivg.it\/ediapi\/wp\/v2\/posts\/467688\/revisions"}],"wp:attachment":[{"href":"https:\/\/staging.ivg.it\/ediapi\/wp\/v2\/media?parent=467688"}],"wp:term":[{"taxonomy":"category","embeddable":true,"href":"https:\/\/staging.ivg.it\/ediapi\/wp\/v2\/categories?post=467688"},{"taxonomy":"post_tag","embeddable":true,"href":"https:\/\/staging.ivg.it\/ediapi\/wp\/v2\/tags?post=467688"}],"curies":[{"name":"wp","href":"https:\/\/api.w.org\/{rel}","templated":true}]}}