{"id":467678,"date":"2019-05-22T18:11:39","date_gmt":"2019-05-22T16:11:39","guid":{"rendered":"http:\/\/www.ivg.it\/?p=467678"},"modified":"2019-05-22T18:11:39","modified_gmt":"2019-05-22T16:11:39","slug":"turismo-berrino-tosi-non-sa-leggere-i-dati-turistici-affermare-che-i-turisti-sono-in-calo-e-negare-la-realta","status":"publish","type":"post","link":"https:\/\/staging.ivg.it\/2019\/05\/turismo-berrino-tosi-non-sa-leggere-i-dati-turistici-affermare-che-i-turisti-sono-in-calo-e-negare-la-realta\/","title":{"rendered":"Turismo, Berrino: &#8220;Tosi non sa leggere i dati turistici, affermare che i turisti sono in calo \u00e8 negare la realt\u00e0&#8221;"},"content":{"rendered":"<p><strong>Regione<\/strong>. &#8220;Ormai \u00e8 ufficiale, i Cinque Stelle non sanno leggere i dati turistici. A rispondere alle arrampicate sugli specchi di oggi dovrebbe bastare ci\u00f2 che abbiamo gi\u00e0 spiegato ieri, che ha un significato chiaro e univoco per tutti, soprattutto per gli operatori che sanno su quali dati \u00e8 opportuno programmare: oggi dunque mi limito a qualche puntualizzazione&#8221;. Risponde cos\u00ec Gianni Berrino, assessore al turismo della Regione Liguria, alle dichiarazioni con le quali il gruppo consiliare Cinque Stelle ha commentato i dati diffusi ieri sugli arrivi e le presenze turistiche di marzo, pi\u00f9 un&#8217;anticipazione di dati non ancora definitivi che riguardano il periodo pasquale.<\/p>\n<p>&#8220;Il fattore &#8216;fine settimana di Pasqua&#8217; \u2013 prosegue Berrino \u2013 caduto quest&#8217;anno ad aprile e l&#8217;anno scorso a fine marzo, rende necessario confrontare i dati di marzo e aprile del 2018 e del 2019 contestualmente, \u00e8 davvero evidente a tutti. Come \u00e8 evidente a tutti che presenze e arrivi fino al 27 marzo delineano una tendenza di aumento nettissima, che si pu\u00f2 negare soltanto negando pervicacemente la realt\u00e0. L&#8217;insistenza sul nudo confronto numerico di marzo \u00e8 dunque astratta, irragionevole e pretestuosa. I numeri parlano molto chiaro, ma i numeri bisogna saperli leggere, e i Cinque Stelle hanno dimostrato di non saperlo fare&#8221;.<\/p>\n<p>&#8220;Altrettanto inspiegabile e lunare \u2013 continua l&#8217;assessore \u2013 \u00e8 l&#8217;accenno a un presupposto &#8216;misero&#8217; incremento delle presenze nel triennio. A parte l&#8217;insensatezza della media che propongono dal punto di vista delle statistiche del turismo, non c&#8217;\u00e8 nulla di misero in un incremento in tre anni di 867.830 presenze, pari al 6,09 per cento. La media che propongono i Cinque Stelle serve solo a nascondere il dato straordinario del 2017, dopo il quale era ragionevole aspettarsi un assestamento verso il basso anche se il 2018 non fosse stato l&#8217;anno difficile che sappiamo. Occorre guardare l&#8217;andamento di anno in anno o su periodi pi\u00f9 lunghi (quando mai la Liguria ha avuto una crescita &#8216;a due cifre&#8217;?), la media proposta in quel modo non ha alcun senso e in ogni caso racconta una realt\u00e0 del tutto diversa da quella adombrata dalle parole dei Cinque Stelle&#8221;.<\/p>\n<p>&#8220;Le politiche di promozione del turismo in questa legislatura \u2013 conclude Berrino \u2013 hanno funzionato, e anche molto bene. Lo dicono i numeri (se si sanno leggere), lo dice la maggiore visibilit\u00e0 che hanno guadagnato in questi anni le nostre destinazioni: abbiamo cambiato in meglio l&#8217;immagine turistica di questa regione. Se \u00e8 vero ci\u00f2 che dice il consigliere, che lo riempie d&#8217;orgoglio sapere che i turisti scelgono la Liguria, ha ottimi motivi per inorgoglirsi: sempre meglio che intristirsi con una calcolatrice che sa usare poco e male&#8221;.<\/p>\n","protected":false},"excerpt":{"rendered":"<p>&#8220;Le politiche di promozione del turismo in questa legislatura hanno funzionato, e anche molto bene&#8221;<\/p>\n","protected":false},"author":12120,"featured_media":0,"comment_status":"open","ping_status":"closed","sticky":false,"template":"","format":"standard","meta":{"footnotes":""},"categories":[35,31],"tags":[79537,295,107],"class_list":["post-467678","post","type-post","status-publish","format-standard","hentry","category-economia","category-politica","tag-movimento-5-stelle-liguria","tag-regione","tag-turismo","post_tag_personaggi-fabio-tosi","post_tag_personaggi-gianni-berrino"],"amp_validity":null,"amp_enabled":true,"_links":{"self":[{"href":"https:\/\/staging.ivg.it\/ediapi\/wp\/v2\/posts\/467678","targetHints":{"allow":["GET"]}}],"collection":[{"href":"https:\/\/staging.ivg.it\/ediapi\/wp\/v2\/posts"}],"about":[{"href":"https:\/\/staging.ivg.it\/ediapi\/wp\/v2\/types\/post"}],"author":[{"embeddable":true,"href":"https:\/\/staging.ivg.it\/ediapi\/wp\/v2\/users\/12120"}],"replies":[{"embeddable":true,"href":"https:\/\/staging.ivg.it\/ediapi\/wp\/v2\/comments?post=467678"}],"version-history":[{"count":0,"href":"https:\/\/staging.ivg.it\/ediapi\/wp\/v2\/posts\/467678\/revisions"}],"wp:attachment":[{"href":"https:\/\/staging.ivg.it\/ediapi\/wp\/v2\/media?parent=467678"}],"wp:term":[{"taxonomy":"category","embeddable":true,"href":"https:\/\/staging.ivg.it\/ediapi\/wp\/v2\/categories?post=467678"},{"taxonomy":"post_tag","embeddable":true,"href":"https:\/\/staging.ivg.it\/ediapi\/wp\/v2\/tags?post=467678"}],"curies":[{"name":"wp","href":"https:\/\/api.w.org\/{rel}","templated":true}]}}