{"id":467628,"date":"2019-05-22T14:05:42","date_gmt":"2019-05-22T12:05:42","guid":{"rendered":"http:\/\/www.ivg.it\/?p=467628"},"modified":"2019-05-22T14:05:42","modified_gmt":"2019-05-22T12:05:42","slug":"mauro-demichelis-andora-piu-realizzato-piccoli-e-grandi-interventi-per-rendere-andora-piu-bella-e-moderna","status":"publish","type":"post","link":"https:\/\/staging.ivg.it\/2019\/05\/mauro-demichelis-andora-piu-realizzato-piccoli-e-grandi-interventi-per-rendere-andora-piu-bella-e-moderna\/","title":{"rendered":"Mauro Demichelis (Andora Pi\u00f9): \u201cRealizzato piccoli e grandi interventi per rendere Andora pi\u00f9 bella e moderna&#8221;"},"content":{"rendered":"<p><strong>Andora.<\/strong> \u201cUna pista ciclabile che collegher\u00e0 la costa all&#8217;entroterra e lungo la quale correranno le tubazioni che assicureranno l&#8217;approvvigionamento idrico di Andora, in particolare delle zone agricole, nei periodi di siccit\u00e0. L&#8217;accordo con gli altri comuni c&#8217;\u00e8 e le tubazioni sistemate lungo la via San Lazzaro, recentemente asfaltata, fanno parte di questo obiettivo\u201d.<\/p>\n<p>Ecco uno dei progetti gi\u00e0 avviati nel mandato concluso che la \u201cLista Andora Pi\u00f9 &#8211; Mauro Demichelis Sindaco\u201d prevede di attuare nei\u00a0 prossimi 5 anni \u201cinsieme alle opere a terra del Porto turistico e alla ulteriore messa in sicurezza del territorio\u201d.<\/p>\n<p>Il sindaco uscente Mauro Demichelis ha ricordato di aver &#8220;realizzato piccoli e grandi interventi in tutto il territorio per rendere Andora pi\u00f9 bella, pi\u00f9 moderna e al passo con gli altri comuni. \u00c8 stato dato valore alla parola \u2018prevenzione\u2019, con la messa in sicurezza della scuola a rischio crollo e risolvendo problematiche storiche attuate con il rifacimento della pavimetazione di via Clavesana e quella di Molino Nuovo&#8221;.<\/p>\n<p>&#8220;Continueremo come sempre a lavorare insieme ai cittadini per nuovi obiettivi e con lo stesso impegno\u201d, assicura Demichelis.<\/p>\n","protected":false},"excerpt":{"rendered":"<p>\u201cPronti a continuare a lavorare insieme ai cittadini per nuovi obiettivi e con lo stesso impegno\u201d<\/p>\n","protected":false},"author":18599,"featured_media":0,"comment_status":"open","ping_status":"closed","sticky":false,"template":"","format":"standard","meta":{"footnotes":""},"categories":[31],"tags":[46660,105246],"class_list":["post-467628","post","type-post","status-publish","format-standard","hentry","category-politica","tag-andora-piu","tag-elezioni-amministrative-2019","post_cat_citta-andora","post_tag_personaggi-mauro-demichelis"],"amp_validity":null,"amp_enabled":true,"_links":{"self":[{"href":"https:\/\/staging.ivg.it\/ediapi\/wp\/v2\/posts\/467628","targetHints":{"allow":["GET"]}}],"collection":[{"href":"https:\/\/staging.ivg.it\/ediapi\/wp\/v2\/posts"}],"about":[{"href":"https:\/\/staging.ivg.it\/ediapi\/wp\/v2\/types\/post"}],"author":[{"embeddable":true,"href":"https:\/\/staging.ivg.it\/ediapi\/wp\/v2\/users\/18599"}],"replies":[{"embeddable":true,"href":"https:\/\/staging.ivg.it\/ediapi\/wp\/v2\/comments?post=467628"}],"version-history":[{"count":0,"href":"https:\/\/staging.ivg.it\/ediapi\/wp\/v2\/posts\/467628\/revisions"}],"wp:attachment":[{"href":"https:\/\/staging.ivg.it\/ediapi\/wp\/v2\/media?parent=467628"}],"wp:term":[{"taxonomy":"category","embeddable":true,"href":"https:\/\/staging.ivg.it\/ediapi\/wp\/v2\/categories?post=467628"},{"taxonomy":"post_tag","embeddable":true,"href":"https:\/\/staging.ivg.it\/ediapi\/wp\/v2\/tags?post=467628"}],"curies":[{"name":"wp","href":"https:\/\/api.w.org\/{rel}","templated":true}]}}