{"id":467552,"date":"2019-05-21T16:28:20","date_gmt":"2019-05-21T14:28:20","guid":{"rendered":"http:\/\/www.ivg.it\/?p=467552"},"modified":"2019-05-21T16:28:20","modified_gmt":"2019-05-21T14:28:20","slug":"albenga-il-candidato-sindaco-tomatis-la-scuola-di-infanzia-di-via-degli-orti-avra-una-nuova-sezione","status":"publish","type":"post","link":"https:\/\/staging.ivg.it\/2019\/05\/albenga-il-candidato-sindaco-tomatis-la-scuola-di-infanzia-di-via-degli-orti-avra-una-nuova-sezione\/","title":{"rendered":"Albenga, il candidato sindaco Tomatis: \u201cLa scuola di infanzia di via Degli Orti avr\u00e0 una nuova sezione\u201d"},"content":{"rendered":"<p><strong>Albenga.<\/strong> \u201cA partire dal prossimo anno scolastico, grazie al rapporto di piena collaborazione tra il dirigente del primo comprensivo Domenico Buscaglia e l&#8217;amministrazione del Comune di Albenga, la scuola di infanzia di Via Degli Orti potr\u00e0 avere una nuova sezione, dando cos\u00ec una risposta concreta alle numerose richieste dei genitori dei bambini pi\u00f9 piccoli rimasti in lista di attesa\u201d.<\/p>\n<p>Ad affermarlo \u00e8 il candidato sindaco di Albenga Riccardo Tomatis, appoggiato dalle liste \u201cCon Albenga&#8221;, &#8220;Insieme per il Futuro&#8221; e &#8220;Progetto Comune\u201d, che ha proseguito: \u201cL\u2019istituto agrario D. Aicardi di Vadino invece, ha inoltrato la pratica per trasformarsi da Istituto Professionale ad Istituto Tecnico, per offrire, ai futuri studenti, una pi\u00f9 ampia e specializzata offerta formativa che possa abbracciare oltre al settore agricolo anche quello agroalimentare\u201d.<\/p>\n<p>\u201cPer ottenere questa nuova qualifica si era rivolto al Comune per richiedere nuove aule che sono state concesse, utilizzando parte degli spazi del complesso di San Bernardino, occupati un tempo dalla polizia municipale\u201d.<\/p>\n<p>\u201cSi chiudono pertanto con due belle notizie questi cinque anni di amministrazione che nel campo dell&#8217;istruzione ha comportato un grande impegno, ricordo che sui nostri edifici scolastici sono stati investiti oltre due milioni e settecento mila euro per opere gi\u00e0 realizzate per la messa in sicurezza dei nostri stabili e per lavori gi\u00e0 appaltati che inizieranno nella prossima estate. Va ringraziato quindi, per l&#8217;impegno profuso, il consigliere con delega all&#8217;istruzione Maurizio Arnaldi\u201d.<\/p>\n<p>\u201cDa parte mia, &#8211; ha risposto Arnaldi, &#8211; non posso che ringraziare il sindaco Giorgio Cangiano per la fiducia concessa nell&#8217;attribuirmi questa importante delega, che mi ha permesso di conoscere il bellissimo mondo della scuola, formato dirigenti capaci, insegnati appassionati e genitori che singolarmente, o all&#8217;interno dei comitati, si sono con gioia messi a disposizione per tutti i nostri ragazzi&#8221;.<\/p>\n","protected":false},"excerpt":{"rendered":"<p>\u201cUna risposta concreta alle numerose richieste dei genitori dei bambini pi\u00f9 piccoli rimasti in lista di attesa\u201d<\/p>\n","protected":false},"author":18599,"featured_media":0,"comment_status":"open","ping_status":"closed","sticky":false,"template":"","format":"standard","meta":{"footnotes":""},"categories":[31],"tags":[106614,105246],"class_list":["post-467552","post","type-post","status-publish","format-standard","hentry","category-politica","tag-continuita-guardando-al-futuro","tag-elezioni-amministrative-2019","post_cat_citta-albenga","post_tag_personaggi-maurizio-arnaldi","post_tag_personaggi-riccardo-tomatis-2"],"amp_validity":null,"amp_enabled":true,"_links":{"self":[{"href":"https:\/\/staging.ivg.it\/ediapi\/wp\/v2\/posts\/467552","targetHints":{"allow":["GET"]}}],"collection":[{"href":"https:\/\/staging.ivg.it\/ediapi\/wp\/v2\/posts"}],"about":[{"href":"https:\/\/staging.ivg.it\/ediapi\/wp\/v2\/types\/post"}],"author":[{"embeddable":true,"href":"https:\/\/staging.ivg.it\/ediapi\/wp\/v2\/users\/18599"}],"replies":[{"embeddable":true,"href":"https:\/\/staging.ivg.it\/ediapi\/wp\/v2\/comments?post=467552"}],"version-history":[{"count":0,"href":"https:\/\/staging.ivg.it\/ediapi\/wp\/v2\/posts\/467552\/revisions"}],"wp:attachment":[{"href":"https:\/\/staging.ivg.it\/ediapi\/wp\/v2\/media?parent=467552"}],"wp:term":[{"taxonomy":"category","embeddable":true,"href":"https:\/\/staging.ivg.it\/ediapi\/wp\/v2\/categories?post=467552"},{"taxonomy":"post_tag","embeddable":true,"href":"https:\/\/staging.ivg.it\/ediapi\/wp\/v2\/tags?post=467552"}],"curies":[{"name":"wp","href":"https:\/\/api.w.org\/{rel}","templated":true}]}}