{"id":46736,"date":"2009-01-13T13:18:58","date_gmt":"2009-01-13T12:18:58","guid":{"rendered":"http:\/\/www.ivg.it\/2009\/01\/13\/albenga-nasce-losservatorio-economico-locale\/"},"modified":"2009-01-14T08:36:22","modified_gmt":"2009-01-14T07:36:22","slug":"albenga-nasce-losservatorio-economico-locale","status":"publish","type":"post","link":"https:\/\/staging.ivg.it\/2009\/01\/albenga-nasce-losservatorio-economico-locale\/","title":{"rendered":"Albenga, nasce l&#8217;Osservatorio economico locale"},"content":{"rendered":"<p><strong>[thumb:6664:l]Albenga. <\/strong>Nuovo progetto del Comune di Albenga dedicato alle politiche produttive. &#8220;Presto ci doteremo di un Osservatorio economico locale per monitorare costantemente l&#8217;andamento dei principali settori economici e per offrire un valido strumento informativo&#8221; ha dichiarato il sindaco Antonello Tabb\u00f2, che poi ha spiegato: &#8220;I fenomeni economici e le direttrici di sviluppo si delineano a livello locale. Per la loro conoscibilit\u00e0 \u00e8 quindi necessario disporre di un sistema informativo adeguato a tale livello territoriale&#8221;.<\/p>\n<p>&#8220;Grazie all&#8217;Osservatorio, che sar\u00e0  istituito con la principale finalit\u00e0 di potenziare l&#8217;attivit\u00e0 di raccolta, elaborazione e analisi dei dati e delle informazioni concernenti l&#8217;economia locale, sar\u00e0 possibile analizzare le caratteristiche e le prospettive dell&#8217;economia ingauna, nonch\u00e9 esaminare la congiuntura economica e la situazione economica locale&#8221; ha proseguito il primo cittadino ingauno.<\/p>\n<p>&#8220;Per l&#8217;espletamento della sua attivit\u00e0 &#8211; ha annunciato Tabb\u00f2 &#8211; la nuova struttura si avvarr\u00e0  della collaborazione di un gruppo di esperti in commercio, ossia di persone che assicurino un qualificato ed elevato apporto tecnico scientifico, a cui sar\u00e0 demandato l&#8217;approfondimento di tematiche connesse ad obiettivi ritenuti di prioritaria rilevanza strategica.<\/p>\n<p>&#8220;Il contributo di tutte le forze economiche locali sar\u00e0 di vitale importanza &#8211; ha consluso poi il sindaco -. Con il loro apporto e grazie al costante confronto con la realt\u00e0 economica in evoluzione si potranno predisporre interventi tattici e tempestivi, ritenuti indispensabile per il progresso delle politiche legate al sistema produttivo&#8221;.<\/p>\n","protected":false},"excerpt":{"rendered":"<p>[thumb:6664:l]Albenga. Nuovo progetto del Comune di Albenga dedicato alle politiche produttive. &#8220;Presto ci doteremo di un Osservatorio economico locale per monitorare costantemente l&#8217;andamento dei principali settori economici e per offrire un valido strumento informativo&#8221; ha dichiarato il sindaco Antonello Tabb\u00f2, che poi ha spiegato: &#8220;I fenomeni economici e le direttrici di sviluppo si delineano a [&hellip;]<\/p>\n","protected":false},"author":1385,"featured_media":0,"comment_status":"open","ping_status":"closed","sticky":false,"template":"","format":"standard","meta":{"footnotes":""},"categories":[35],"tags":[85841,558],"class_list":["post-46736","post","type-post","status-publish","format-standard","hentry","category-economia","tag-albenga","tag-antonello-tabbo","post_cat_citta-albenga"],"amp_validity":null,"amp_enabled":true,"_links":{"self":[{"href":"https:\/\/staging.ivg.it\/ediapi\/wp\/v2\/posts\/46736","targetHints":{"allow":["GET"]}}],"collection":[{"href":"https:\/\/staging.ivg.it\/ediapi\/wp\/v2\/posts"}],"about":[{"href":"https:\/\/staging.ivg.it\/ediapi\/wp\/v2\/types\/post"}],"author":[{"embeddable":true,"href":"https:\/\/staging.ivg.it\/ediapi\/wp\/v2\/users\/1385"}],"replies":[{"embeddable":true,"href":"https:\/\/staging.ivg.it\/ediapi\/wp\/v2\/comments?post=46736"}],"version-history":[{"count":0,"href":"https:\/\/staging.ivg.it\/ediapi\/wp\/v2\/posts\/46736\/revisions"}],"wp:attachment":[{"href":"https:\/\/staging.ivg.it\/ediapi\/wp\/v2\/media?parent=46736"}],"wp:term":[{"taxonomy":"category","embeddable":true,"href":"https:\/\/staging.ivg.it\/ediapi\/wp\/v2\/categories?post=46736"},{"taxonomy":"post_tag","embeddable":true,"href":"https:\/\/staging.ivg.it\/ediapi\/wp\/v2\/tags?post=46736"}],"curies":[{"name":"wp","href":"https:\/\/api.w.org\/{rel}","templated":true}]}}