{"id":46735,"date":"2009-01-13T13:01:03","date_gmt":"2009-01-13T12:01:03","guid":{"rendered":"http:\/\/www.ivg.it\/2009\/01\/13\/savona-concerto-di-caine-e-satragno-al-chiabrera\/"},"modified":"2009-01-13T13:01:03","modified_gmt":"2009-01-13T12:01:03","slug":"savona-concerto-di-caine-e-satragno-al-chiabrera","status":"publish","type":"post","link":"https:\/\/staging.ivg.it\/2009\/01\/savona-concerto-di-caine-e-satragno-al-chiabrera\/","title":{"rendered":"Savona, concerto di Caine e Satragno al Chiabrera"},"content":{"rendered":"<p><strong>[thumb:4882:l]Savona. <\/strong>Si terr\u00e0 mercoled\u00ec 14 gennaio, alle 21, presso il Teatro Chiabrera di Savona, l&#8217;atteso concerto (fuori abbonamento) che vedr\u00e0 protagonisti Uri Caine ed il suo pianoforte, a cui si unir\u00e0 la voce di Danila Satragno.<\/p>\n<p>&#8220;Sar\u00e0 uno dei concerti pi\u00f9 significativi della stagione &#8211; ha commentato l&#8217;assessore comunale alla Cultura, Molteni -. E&#8217; davvero interessante che un artista come Uri Caine incontri la bellissima voce di Danila Satragno. Sar\u00e0 un affascinante viaggio nel jazz europeo attraverso due grandissimi interpreti&#8221;.<\/p>\n","protected":false},"excerpt":{"rendered":"<p>[thumb:4882:l]Savona. Si terr\u00e0 mercoled\u00ec 14 gennaio, alle 21, presso il Teatro Chiabrera di Savona, l&#8217;atteso concerto (fuori abbonamento) che vedr\u00e0 protagonisti Uri Caine ed il suo pianoforte, a cui si unir\u00e0 la voce di Danila Satragno. &#8220;Sar\u00e0 uno dei concerti pi\u00f9 significativi della stagione &#8211; ha commentato l&#8217;assessore comunale alla Cultura, Molteni -. E&#8217; davvero [&hellip;]<\/p>\n","protected":false},"author":1385,"featured_media":0,"comment_status":"open","ping_status":"closed","sticky":false,"template":"","format":"standard","meta":{"footnotes":""},"categories":[],"tags":[620,5775,85850,3499],"class_list":["post-46735","post","type-post","status-publish","format-standard","hentry","tag-concerti","tag-danila-satragno","tag-savona","tag-teatro-chiabrera","post_cat_citta-savona"],"amp_validity":null,"amp_enabled":true,"_links":{"self":[{"href":"https:\/\/staging.ivg.it\/ediapi\/wp\/v2\/posts\/46735","targetHints":{"allow":["GET"]}}],"collection":[{"href":"https:\/\/staging.ivg.it\/ediapi\/wp\/v2\/posts"}],"about":[{"href":"https:\/\/staging.ivg.it\/ediapi\/wp\/v2\/types\/post"}],"author":[{"embeddable":true,"href":"https:\/\/staging.ivg.it\/ediapi\/wp\/v2\/users\/1385"}],"replies":[{"embeddable":true,"href":"https:\/\/staging.ivg.it\/ediapi\/wp\/v2\/comments?post=46735"}],"version-history":[{"count":0,"href":"https:\/\/staging.ivg.it\/ediapi\/wp\/v2\/posts\/46735\/revisions"}],"wp:attachment":[{"href":"https:\/\/staging.ivg.it\/ediapi\/wp\/v2\/media?parent=46735"}],"wp:term":[{"taxonomy":"category","embeddable":true,"href":"https:\/\/staging.ivg.it\/ediapi\/wp\/v2\/categories?post=46735"},{"taxonomy":"post_tag","embeddable":true,"href":"https:\/\/staging.ivg.it\/ediapi\/wp\/v2\/tags?post=46735"}],"curies":[{"name":"wp","href":"https:\/\/api.w.org\/{rel}","templated":true}]}}