{"id":467061,"date":"2019-05-16T10:59:47","date_gmt":"2019-05-16T08:59:47","guid":{"rendered":"http:\/\/www.ivg.it\/?p=467061"},"modified":"2019-05-16T11:00:05","modified_gmt":"2019-05-16T09:00:05","slug":"direzione-scolastica-di-borghetto-via-libera-dal-consiglio-comunale-primo-passo-verso-laccorpamento-con-ceriale","status":"publish","type":"post","link":"https:\/\/staging.ivg.it\/2019\/05\/direzione-scolastica-di-borghetto-via-libera-dal-consiglio-comunale-primo-passo-verso-laccorpamento-con-ceriale\/","title":{"rendered":"Direzione scolastica di Borghetto, via libera dal consiglio comunale: primo passo verso l&#8217;accorpamento con Ceriale"},"content":{"rendered":"<p><strong>Borghetto Santo Spirito<\/strong>. Primo passo verso l&#8217;accorpamento delle direzioni scolastiche di Borghetto Santo Spirito e Ceriale.<\/p>\n<p>Ieri sera il consiglio comunale borghettino ha approvato la proposta di riorganizzazione della rete scolastica cittadina con l&#8217;accorpamento dei plessi scolastici di Ceriale all&#8217;istituto comprensivo Val Varatella (che comprende anche le scuole di Toirano e Balestrino).<\/p>\n<p>\u201cQualche anno fa \u2013 ricorda il sindaco di Borghetto Giancarlo Canepa \u2013 la direzione scolastica di Ceriale fu accorpata a quella di Albenga 1 in quanto le scuole cerialesi non raggiungevano il numero di alunni minimo richiesto dal ministero per mantenere una direzione scolastica indipendente. Il nostro istituto comprensivo rischiava di fare la stessa sorte, con ovvi disagi per i bimbi le cui famiglie risiedono nelle zone interne della Val Varatella\u201d.<\/p>\n<p>Da qui la decisione di accorpare le direzioni scolastiche di Borghetto e Ceriale: dopo un primo passaggio in Provincia alla presenza dell&#8217;ufficio scolastico regionale, ora la pratica \u00e8 passata in mano alle amministrazioni dei due Comuni rivieraschi. Passato il vaglio del consiglio comunale borghettino, nei prossimi giorni toccher\u00e0 al parlamentino cerialese dare il proprio benestare al progetto.<\/p>\n<p>\u201cI nostri due comuni \u2013 spiega ancora Canepa \u2013 hanno una realt\u00e0 sociale molto simile ed i nostri plessi scolastici ospitano solo classi di elementari e medie e nessuna classe di istituto superiore. Questo accorpamento ci consentir\u00e0 di raggiungere, complessivamente una quota di 1.100-1.200 alunni, cio\u00e8 una cifra utile a metterci al riparo da eventuali &#8216;tagli&#8217; richiesti dal ministero. Inoltre, in questo modo la direzione scolastica e le attivit\u00e0 da essa svolte saranno pi\u00f9 &#8216;a misura d&#8217;uomo&#8217;. La direzione scolastica di Albenga 1 dovr\u00e0 rinunciare a qualche classe, ma ugualmente avr\u00e0 una cifra di alunni simile alla nostra e perci\u00f2 non subir\u00e0 conseguenze\u201d.<\/p>\n","protected":false},"excerpt":{"rendered":"<p>Nei prossimi giorni toccher\u00e0 al parlamentino cerialese dare il proprio benestare al progetto<\/p>\n","protected":false},"author":12120,"featured_media":0,"comment_status":"open","ping_status":"closed","sticky":false,"template":"","format":"standard","meta":{"footnotes":""},"categories":[45296,31],"tags":[99462],"class_list":["post-467061","post","type-post","status-publish","format-standard","hentry","category-copertina","category-politica","tag-istituto-comprensivo-val-varatella","post_cat_citta-borghetto-santo-spirito","post_cat_citta-ceriale","post_tag_personaggi-giancarlo-canepa"],"amp_validity":null,"amp_enabled":true,"_links":{"self":[{"href":"https:\/\/staging.ivg.it\/ediapi\/wp\/v2\/posts\/467061","targetHints":{"allow":["GET"]}}],"collection":[{"href":"https:\/\/staging.ivg.it\/ediapi\/wp\/v2\/posts"}],"about":[{"href":"https:\/\/staging.ivg.it\/ediapi\/wp\/v2\/types\/post"}],"author":[{"embeddable":true,"href":"https:\/\/staging.ivg.it\/ediapi\/wp\/v2\/users\/12120"}],"replies":[{"embeddable":true,"href":"https:\/\/staging.ivg.it\/ediapi\/wp\/v2\/comments?post=467061"}],"version-history":[{"count":0,"href":"https:\/\/staging.ivg.it\/ediapi\/wp\/v2\/posts\/467061\/revisions"}],"wp:attachment":[{"href":"https:\/\/staging.ivg.it\/ediapi\/wp\/v2\/media?parent=467061"}],"wp:term":[{"taxonomy":"category","embeddable":true,"href":"https:\/\/staging.ivg.it\/ediapi\/wp\/v2\/categories?post=467061"},{"taxonomy":"post_tag","embeddable":true,"href":"https:\/\/staging.ivg.it\/ediapi\/wp\/v2\/tags?post=467061"}],"curies":[{"name":"wp","href":"https:\/\/api.w.org\/{rel}","templated":true}]}}