{"id":466997,"date":"2019-05-15T14:01:52","date_gmt":"2019-05-15T12:01:52","guid":{"rendered":"http:\/\/www.ivg.it\/?p=466997"},"modified":"2019-05-15T14:01:52","modified_gmt":"2019-05-15T12:01:52","slug":"pietra-video-messaggio-a-sostegno-del-candidato-sara-foscolo-dal-sindaco-senatore-zuliani-lega","status":"publish","type":"post","link":"https:\/\/staging.ivg.it\/2019\/05\/pietra-video-messaggio-a-sostegno-del-candidato-sara-foscolo-dal-sindaco-senatore-zuliani-lega\/","title":{"rendered":"Pietra, video messaggio a sostegno del candidato Sara Foscolo dal sindaco-senatore Zuliani (Lega)"},"content":{"rendered":"<p><b>Pietra Ligure. <\/b>Scende in campo per Sara Foscolo anche Cristiano Zuliani, senatore della Lega e sindaco di Concamarise, in provincia di Verona, soprannominato &#8220;lo sceriffo&#8221;, che con un video messaggio sostiene la candidata a sindaco di Pietra Ligure e la #FoscoloSindaco, elencando i benefici per un comune che pu\u00f2 vantare un primo cittadino in Parlamento.<\/p>\n<p><iframe loading=\"lazy\" style=\"border: none; overflow: hidden;\" src=\"https:\/\/www.facebook.com\/plugins\/video.php?href=https%3A%2F%2Fwww.facebook.com%2Fsarafoscolo.lega%2Fvideos%2F642714979485249%2F&amp;show_text=0&amp;width=560\" width=\"560\" height=\"315\" frameborder=\"0\" scrolling=\"no\" allowfullscreen=\"allowfullscreen\"><\/iframe><\/p>\n<p>&#8220;Sono sindaco da dieci anni: da quando sono stato eletto in Parlamento, riesco a portare i problemi e le criticit\u00e0 del mio paese sui tavoli di confronto dei sindaci parlamentari a Roma&#8221;, afferma il senatore e sindaco Zuliani.<\/p>\n<p>&#8220;Le misure importanti che sono state discusse a Roma, come l&#8217;uso dell&#8217;avanzo di amministrazione da parte dei comuni italiani, i contributi dati ai comuni dalla Legge di Bilancio, la semplificazione amministrativa della\u00a0 contabilit\u00e0 comunale, sono tutte frutto di confronto serio e costruttivo tra sindaci: avere i sindaci in Parlamento, a Roma al fianco di Matteo Salvini, \u00e8 importante perch\u00e9 i sindaci portano le istanze dei territori in prima persona. \u00c8 un&#8217;opportunit\u00e0 da non sprecare: in questo modo Pietra Ligure potr\u00e0 fare un salto di qualit\u00e0\u201d, conclude.<\/p>\n","protected":false},"excerpt":{"rendered":"<p>&#8220;Sindaco e parlamentare, valore aggiunto e solo benefici per il territorio&#8221;<\/p>\n","protected":false},"author":18599,"featured_media":0,"comment_status":"open","ping_status":"closed","sticky":false,"template":"","format":"standard","meta":{"footnotes":""},"categories":[31],"tags":[103914],"class_list":["post-466997","post","type-post","status-publish","format-standard","hentry","category-politica","tag-pietra-2019","post_cat_citta-pietra-ligure","post_tag_personaggi-sara-foscolo"],"amp_validity":null,"amp_enabled":true,"_links":{"self":[{"href":"https:\/\/staging.ivg.it\/ediapi\/wp\/v2\/posts\/466997","targetHints":{"allow":["GET"]}}],"collection":[{"href":"https:\/\/staging.ivg.it\/ediapi\/wp\/v2\/posts"}],"about":[{"href":"https:\/\/staging.ivg.it\/ediapi\/wp\/v2\/types\/post"}],"author":[{"embeddable":true,"href":"https:\/\/staging.ivg.it\/ediapi\/wp\/v2\/users\/18599"}],"replies":[{"embeddable":true,"href":"https:\/\/staging.ivg.it\/ediapi\/wp\/v2\/comments?post=466997"}],"version-history":[{"count":0,"href":"https:\/\/staging.ivg.it\/ediapi\/wp\/v2\/posts\/466997\/revisions"}],"wp:attachment":[{"href":"https:\/\/staging.ivg.it\/ediapi\/wp\/v2\/media?parent=466997"}],"wp:term":[{"taxonomy":"category","embeddable":true,"href":"https:\/\/staging.ivg.it\/ediapi\/wp\/v2\/categories?post=466997"},{"taxonomy":"post_tag","embeddable":true,"href":"https:\/\/staging.ivg.it\/ediapi\/wp\/v2\/tags?post=466997"}],"curies":[{"name":"wp","href":"https:\/\/api.w.org\/{rel}","templated":true}]}}