{"id":466832,"date":"2019-05-13T18:22:44","date_gmt":"2019-05-13T16:22:44","guid":{"rendered":"http:\/\/www.ivg.it\/?p=466832"},"modified":"2019-05-13T18:22:44","modified_gmt":"2019-05-13T16:22:44","slug":"alice-manca-taekwondo-dargento-allopen-di-riccione-per-la-savonese","status":"publish","type":"post","link":"https:\/\/staging.ivg.it\/2019\/05\/alice-manca-taekwondo-dargento-allopen-di-riccione-per-la-savonese\/","title":{"rendered":"Alice Manca, taekwondo d&#8217;argento all&#8217;Open di Riccione per la savonese"},"content":{"rendered":"<p><strong>Savona<\/strong>. <strong>Alice Manca conquista una preziosa medaglia d\u2019argento all\u2019Open di Riccione<\/strong> di taekwondo, gara di combattimento ormai affermatasi come uno degli appuntamenti pi\u00f9 importanti del calendario agonistico. Sabato 11 e Ddomenica 12 maggio, sui dieci tatami allestiti al PlayHall, si sono affrontati oltre <strong>1.400 atleti provenienti da tutta Italia, oltre che da San Marino, Svizzera, Austria, Moldavia e Israele.<\/strong> In un contesto altamente competitivo, brilla la giovane Alice Manca, che porta sul secondo gradino del podio i colori dell\u2019Olimpia Savona, ritrovando il sorriso in una stagione costellata da troppi infortuni.<\/p>\n<p><strong>Come si sente dopo aver vinto l\u2019argento in una gara cos\u00ec importante e difficile?<\/strong><br \/>\n<em>\u201cSono soddisfatta della mia prestazione, arrivare fino in fondo in contesto come questo, con tante avversarie molto forti non \u00e8 mai facile, a maggior ragione per me che quest\u2019anno non sono riuscita ad allenarmi con la dovuta continuit\u00e0 a causa di qualche problema fisico. Ma la strada e quella giusta\u201d.<\/em><\/p>\n<p><strong>Nel primo turno ha dovuto vedermela con la vice-campionessa italiana in carica, la piemontese Santaniello, riuscendo a vincere nettamente 29 a 8.<\/strong><br \/>\n<em>\u201c\u00c8 stato il risultato che mi ha fatto svoltare nella gara. Vincere cos\u00ec nettamente contro un\u2019avversaria come lei mi ha caricata e ho potuto affrontare al meglio anche la semifinale, vincendo 24 a 4. Purtroppo in finale non sono riuscita a gestire al meglio alcune situazioni, uscendo sconfitta per 25 a 18. Un po\u2019 di rammarico c\u2019\u00e8, ma sono contentissima di questa medaglia e della prestazione offerta per quasi tutta la gara&#8221;.<\/em><\/p>\n<p><strong>Per lei anche una dedica speciale nel giorno della festa della mamma.<\/strong><br \/>\n<em>\u201cLa medaglia \u00e8 tutta per lei, ieri nel giorno della sua festa si \u00e8 alzata alle 6.30 per venire a fare il tifo per me. \u00c8 sempre in prima fila ogni volta che combatto, mi ha fatto piacere poterle dedicare un bel risultato\u201d.<\/em><\/p>\n<p><strong>Quali sono i suoi obiettivi per il finale di stagione?<\/strong><br \/>\n<em>&#8220;A luglio sar\u00f2 impegnata in un\u2019altra gara molto impegnativa, a Martano (Lecce), l\u2019internazionale Grecia Salentina. Sar\u00e0 un periodo difficile per me, perch\u00e9 negli stessi giorni dovr\u00f2 sostenere l\u2019esame di maturit\u00e0, ma voglio comunque raggiungere un bel risultato anche sul tatami e chiudere bene quest\u2019anno travagliato, per iniziare subito a programmare, con il mio maestro Giovanni Caddeo, la prossima stagione&#8221;.<\/em><\/p>\n","protected":false},"excerpt":{"rendered":"<p>Alice Manca sul podio a Riccione: un&#8217;intervista per la giovane campionessa savonese, tra sport, famiglia e studio. Come cresce una stella dello sport<\/p>\n","protected":false},"author":12631,"featured_media":0,"comment_status":"open","ping_status":"closed","sticky":false,"template":"","format":"standard","meta":{"footnotes":""},"categories":[45296,42377,32],"tags":[6395],"class_list":["post-466832","post","type-post","status-publish","format-standard","hentry","category-copertina","category-altri-sport","category-sport","tag-taekwondo","post_cat_citta-savona","post_tag_personaggi-alice-manca"],"amp_validity":null,"amp_enabled":true,"_links":{"self":[{"href":"https:\/\/staging.ivg.it\/ediapi\/wp\/v2\/posts\/466832","targetHints":{"allow":["GET"]}}],"collection":[{"href":"https:\/\/staging.ivg.it\/ediapi\/wp\/v2\/posts"}],"about":[{"href":"https:\/\/staging.ivg.it\/ediapi\/wp\/v2\/types\/post"}],"author":[{"embeddable":true,"href":"https:\/\/staging.ivg.it\/ediapi\/wp\/v2\/users\/12631"}],"replies":[{"embeddable":true,"href":"https:\/\/staging.ivg.it\/ediapi\/wp\/v2\/comments?post=466832"}],"version-history":[{"count":0,"href":"https:\/\/staging.ivg.it\/ediapi\/wp\/v2\/posts\/466832\/revisions"}],"wp:attachment":[{"href":"https:\/\/staging.ivg.it\/ediapi\/wp\/v2\/media?parent=466832"}],"wp:term":[{"taxonomy":"category","embeddable":true,"href":"https:\/\/staging.ivg.it\/ediapi\/wp\/v2\/categories?post=466832"},{"taxonomy":"post_tag","embeddable":true,"href":"https:\/\/staging.ivg.it\/ediapi\/wp\/v2\/tags?post=466832"}],"curies":[{"name":"wp","href":"https:\/\/api.w.org\/{rel}","templated":true}]}}