{"id":466766,"date":"2019-05-13T11:29:27","date_gmt":"2019-05-13T09:29:27","guid":{"rendered":"http:\/\/www.ivg.it\/?p=466766"},"modified":"2019-05-13T11:29:27","modified_gmt":"2019-05-13T09:29:27","slug":"anas-programmati-lavori-lungo-laurelia-a-vado-ligure-e-tra-finale-e-borgio-verezzi","status":"publish","type":"post","link":"https:\/\/staging.ivg.it\/2019\/05\/anas-programmati-lavori-lungo-laurelia-a-vado-ligure-e-tra-finale-e-borgio-verezzi\/","title":{"rendered":"Anas: programmati lavori lungo l&#8217;Aurelia a Vado Ligure e tra Finale e Borgio Verezzi"},"content":{"rendered":"<p><strong>Provincia.<\/strong> E&#8217; stato programmato l&#8217;intervento di ripristino dell&#8217;infrastruttura di telecomunicazione collocata sul muro lato mare fra Finale Ligure e Borgio Verezzi, danneggiata a novembre dalla mareggiata di eccezionale intensit\u00e0 che ha colpito la riviera. Per l&#8217;esecuzione dell&#8217;intervento, lungo la via Aurelia sar\u00e0 istituito il senso unico alternato in corrispondenza del km 600. La limitazione sar\u00e0 in vigore fino al 14 giugno nella fascia oraria 8\u201318, esclusi i giorni festivi e prefestivi.<\/p>\n<p>Inoltre, per consentire alla societ\u00e0 richiedente di spostare una sezione dell&#8217;acquedotto, da domani e fino al 22 maggio sar\u00e0 in vigore il senso unico alternato al km 580,350 della statale Aurelia nel comune di Vado Ligure. La limitazione sar\u00e0 attiva nei soli giorni feriali con dismissione durante i festivi e prefestivi.<\/p>\n<p>Anas, societ\u00e0 del Gruppo FS Italiane, raccomanda prudenza nella guida e ricorda che l&#8217;evoluzione della situazione del traffico in tempo reale \u00e8 consultabile sul sito web www.stradeanas.it oppure su tutti gli smartphone e i tablet, grazie all`applicazione &#8220;VAI&#8221; di Anas, disponibile gratuitamente in &#8220;App store&#8221; e in &#8220;Play store&#8221;. Inoltre si ricorda che il servizio clienti &#8220;Pronto Anas&#8221; \u00e8 raggiungibile chiamando il numero verde gratuito, 800 841 148.<\/p>\n","protected":false},"excerpt":{"rendered":"<p>Senso unico alternato solo nei giorni feriali, nella fascia oraria 8-18<\/p>\n","protected":false},"author":10593,"featured_media":0,"comment_status":"open","ping_status":"closed","sticky":false,"template":"","format":"standard","meta":{"footnotes":""},"categories":[56],"tags":[5426],"class_list":["post-466766","post","type-post","status-publish","format-standard","hentry","category-altre","tag-anas","post_cat_citta-borgio-verezzi","post_cat_citta-finale-ligure","post_cat_citta-vado-ligure"],"amp_validity":null,"amp_enabled":true,"_links":{"self":[{"href":"https:\/\/staging.ivg.it\/ediapi\/wp\/v2\/posts\/466766","targetHints":{"allow":["GET"]}}],"collection":[{"href":"https:\/\/staging.ivg.it\/ediapi\/wp\/v2\/posts"}],"about":[{"href":"https:\/\/staging.ivg.it\/ediapi\/wp\/v2\/types\/post"}],"author":[{"embeddable":true,"href":"https:\/\/staging.ivg.it\/ediapi\/wp\/v2\/users\/10593"}],"replies":[{"embeddable":true,"href":"https:\/\/staging.ivg.it\/ediapi\/wp\/v2\/comments?post=466766"}],"version-history":[{"count":0,"href":"https:\/\/staging.ivg.it\/ediapi\/wp\/v2\/posts\/466766\/revisions"}],"wp:attachment":[{"href":"https:\/\/staging.ivg.it\/ediapi\/wp\/v2\/media?parent=466766"}],"wp:term":[{"taxonomy":"category","embeddable":true,"href":"https:\/\/staging.ivg.it\/ediapi\/wp\/v2\/categories?post=466766"},{"taxonomy":"post_tag","embeddable":true,"href":"https:\/\/staging.ivg.it\/ediapi\/wp\/v2\/tags?post=466766"}],"curies":[{"name":"wp","href":"https:\/\/api.w.org\/{rel}","templated":true}]}}