{"id":466402,"date":"2019-05-08T16:26:22","date_gmt":"2019-05-08T14:26:22","guid":{"rendered":"http:\/\/www.ivg.it\/?p=466402"},"modified":"2019-05-08T16:26:22","modified_gmt":"2019-05-08T14:26:22","slug":"noli-2019-lucio-fossati-lancia-lassessorato-al-lavoro-e-lo-sportello-del-microcredito","status":"publish","type":"post","link":"https:\/\/staging.ivg.it\/2019\/05\/noli-2019-lucio-fossati-lancia-lassessorato-al-lavoro-e-lo-sportello-del-microcredito\/","title":{"rendered":"Noli 2019, Lucio Fossati lancia l&#8217;assessorato &#8220;al lavoro&#8221; e lo Sportello del Microcredito"},"content":{"rendered":"<p><strong>Noli<\/strong>. \u201cIl nostro obbiettivo di fondo \u00e8 quello di migliorare la qualit\u00e0 della vita della nostra comunit\u00e0\u201d. E&#8217; questo uno degli intenti attorno ai quali ruota il programma elettorale della lista #ideanoli che sostiene la candidatura a sindaco di Lucio Fossati.<\/p>\n<p>\u201cUno degli elementi fondamentali ed imprescindibili per detto scopo \u00e8 creare opportunit\u00e0 di reddito e quindi di maggior benessere economico \u2013 spiega \u2013 Parola chiave &#8216;il lavoro&#8217;. Faremo tutto quanto possibile per individuare ed agevolare quelle situazioni che potranno generare nuova occupazione. Ovviamente con particolare attenzione verso i nostri giovani ma anche verso coloro che momentaneamente non hanno un lavoro. La nostra lista, particolarmente attenta a questa problematica, s\u2019impegna sin d\u2019ora, qualora eletta, ad attivarsi con provvedimenti urgenti e con l\u2019introduzione di una serie d\u2019iniziative per rilanciare l\u2019occupazione e favorire quegli investimenti sul nostro territorio che a loro volta potranno generare ulteriore occupazione\u201d.<\/p>\n<p>\u201cConcretamente, per fare ci\u00f2, creeremo un ufficio comunale e una delega specifica &#8216;al lavoro&#8217; per una attiva ed efficiente sinergia tra scuola, formazione e mondo del lavoro con la finalit\u00e0, appunto, di rilanciare l\u2019occupazione. L\u2019ufficio ed il consigliere delegato oltre a coordinare l\u2019attivit\u00e0 di incontro fra domanda e offerta di lavoro, organizzer\u00e0 servizi di orientamento professionale anche per i disoccupati e servizi di autoimpiego e auto imprenditorialit\u00e0 in costante contatto e sinergie con la &#8216;rete&#8217; pubblica e privata del lavoro\u201d.<\/p>\n<p>\u201cPertanto da subito le prime due iniziative concrete dedicate ai giovani ed ai disoccupati residenti a Noli, con l\u2019ausilio di idonei e specifici strumenti, saranno: un bando per l\u2019erogazione di contributi a fronte di presentazione di progetti di Start-Up; uno Sportello del Microcredito (Ente Nazionale) per piccoli prestiti con Mutuo Chirografario. Siamo convinti che la &#8216;microimprenditorialit\u00e0&#8217; sia sempre e comunque nuova e importante occupazione e quindi fonte di crescita e di reddito\u201d.<\/p>\n<p>\u201cSar\u00e0 dedicata anche particolare attenzione, attraverso una serie di indispensabili progettualit\u00e0, alla ricerca di importanti fondi comunitari, di fatto gi\u00e0 esistenti, finalizzati a promuovere quelle che in molti paesi del nord Europa si chiamano &#8216;officine del lavoro&#8217;. In detti paesi funzionano e offrono opportunit\u00e0 di lavoro e di sviluppo: perch\u00e9 non dovrebbero funzionare anche qui ? Qualora toccasse a noi ci proveremo certamente. Se creeremo situazioni che saranno fonte di impiego e quindi di reddito e quindi di maggior benessere economico faremo crescere la qualit\u00e0 della vita della nostra comunit\u00e0\u201d.<\/p>\n","protected":false},"excerpt":{"rendered":"<p>&#8220;Il nostro obbiettivo di fondo \u00e8 quello di migliorare la qualit\u00e0 della vita della nostra comunit\u00e0&#8221;<\/p>\n","protected":false},"author":12120,"featured_media":0,"comment_status":"open","ping_status":"closed","sticky":false,"template":"","format":"standard","meta":{"footnotes":""},"categories":[35,31],"tags":[107045,105545],"class_list":["post-466402","post","type-post","status-publish","format-standard","hentry","category-economia","category-politica","tag-ideanoli","tag-noli-2019","post_cat_citta-noli","post_tag_personaggi-lucio-fossati"],"amp_validity":null,"amp_enabled":true,"_links":{"self":[{"href":"https:\/\/staging.ivg.it\/ediapi\/wp\/v2\/posts\/466402","targetHints":{"allow":["GET"]}}],"collection":[{"href":"https:\/\/staging.ivg.it\/ediapi\/wp\/v2\/posts"}],"about":[{"href":"https:\/\/staging.ivg.it\/ediapi\/wp\/v2\/types\/post"}],"author":[{"embeddable":true,"href":"https:\/\/staging.ivg.it\/ediapi\/wp\/v2\/users\/12120"}],"replies":[{"embeddable":true,"href":"https:\/\/staging.ivg.it\/ediapi\/wp\/v2\/comments?post=466402"}],"version-history":[{"count":0,"href":"https:\/\/staging.ivg.it\/ediapi\/wp\/v2\/posts\/466402\/revisions"}],"wp:attachment":[{"href":"https:\/\/staging.ivg.it\/ediapi\/wp\/v2\/media?parent=466402"}],"wp:term":[{"taxonomy":"category","embeddable":true,"href":"https:\/\/staging.ivg.it\/ediapi\/wp\/v2\/categories?post=466402"},{"taxonomy":"post_tag","embeddable":true,"href":"https:\/\/staging.ivg.it\/ediapi\/wp\/v2\/tags?post=466402"}],"curies":[{"name":"wp","href":"https:\/\/api.w.org\/{rel}","templated":true}]}}