{"id":465781,"date":"2019-05-02T15:18:11","date_gmt":"2019-05-02T13:18:11","guid":{"rendered":"http:\/\/www.ivg.it\/?p=465781"},"modified":"2019-05-02T15:18:11","modified_gmt":"2019-05-02T13:18:11","slug":"la-vita-quotidiana-dei-cattivi","status":"publish","type":"post","link":"https:\/\/staging.ivg.it\/2019\/05\/la-vita-quotidiana-dei-cattivi\/","title":{"rendered":"La vita quotidiana dei cattivi"},"content":{"rendered":"<p>Non sono mai stata una fan di Star Wars.<\/p>\n<p>L\u2019ho sempre trovato lontano dai miei gusti, non scattava quella scintilla che mi spingesse ad andare oltre la cattiva impressione iniziale.<\/p>\n<p>Poi, complice la componente amorosa della grande passione di mio marito per la prima trilogia, ho visto i primi tre film &#8211; in ordine cronologico di uscita cinematografica, sia chiaro &#8211; e mi sono davvero piaciuti.<\/p>\n<p>Inoltre, \u00e8 pieno di citazioni di queste pellicole in altri film, in serie tv, insomma, dappertutto ed \u00e8 stato bello, finalmente, smetterla di sorridere di circostanza e far sempre finta di capire a cosa si stesse riferendo.<\/p>\n<p>Curiosando qui e l\u00e0 ho trovato <b>Pawel Kadysz,<\/b> un fotografo polacco che ha realizzato degli scatti simpaticissimi intitolati <i>The Daily Life of Darth Vader<\/i>.<\/p>\n<p>A voi la visione:\u00a0https:\/\/www.collater.al\/pawel-kadysz-the-daily-life-of-darth-vader\/<br \/>\nPotete trovare molte altre foto qui: <a href=\"https:\/\/tookapic.com\/dvader\">https:\/\/tookapic.com\/dvader<\/a><br \/>\nQui, invece, il profilo del fotografo: <a href=\"https:\/\/tookapic.com\/pawelkadysz\">https:\/\/tookapic.com\/pawelkadysz<\/a><\/p>\n<p><em>&#8220;L&#8217;Angolo dei Curiosi&#8221; \u00e8 la rubrica di IVG a cura di Daria Croce e Giulia Grenno per chi \u00e8 desideroso di vedere, ascoltare, conoscere, ritrovarsi o dissentire.\u00a0A Daria e Giulia piacciono il profumo dei libri, il rumore della puntina che tocca il vinile, il buio in sala quando sta per iniziare un film, l&#8217;odore delle cartolerie, il ticchettio della macchina da scrivere, i ritratti in bianco e nero, le prospettive diverse, fermarsi col naso all&#8217;ins\u00f9.<br \/>\nSe ti piace almeno una di queste cose, prenditi una pausa insieme a noi<\/em><em>: <a href=\"http:\/\/www.ivg.it\/tag\/angolo-dei-curiosi\/\">clicca qui per leggere tutti gli articoli<\/a><\/em><\/p>\n","protected":false},"excerpt":{"rendered":"<p>&#8220;L&#8217;Angolo dei Curiosi&#8221; \u00e8 la rubrica per chi \u00e8 desideroso di vedere, ascoltare, conoscere: ogni gioved\u00ec con Daria Croce e Giulia Grenno<\/p>\n","protected":false},"author":18599,"featured_media":0,"comment_status":"open","ping_status":"closed","sticky":false,"template":"","format":"standard","meta":{"footnotes":""},"categories":[56],"tags":[99819],"class_list":["post-465781","post","type-post","status-publish","format-standard","hentry","category-altre","tag-angolo-dei-curiosi"],"amp_validity":null,"amp_enabled":true,"_links":{"self":[{"href":"https:\/\/staging.ivg.it\/ediapi\/wp\/v2\/posts\/465781","targetHints":{"allow":["GET"]}}],"collection":[{"href":"https:\/\/staging.ivg.it\/ediapi\/wp\/v2\/posts"}],"about":[{"href":"https:\/\/staging.ivg.it\/ediapi\/wp\/v2\/types\/post"}],"author":[{"embeddable":true,"href":"https:\/\/staging.ivg.it\/ediapi\/wp\/v2\/users\/18599"}],"replies":[{"embeddable":true,"href":"https:\/\/staging.ivg.it\/ediapi\/wp\/v2\/comments?post=465781"}],"version-history":[{"count":0,"href":"https:\/\/staging.ivg.it\/ediapi\/wp\/v2\/posts\/465781\/revisions"}],"wp:attachment":[{"href":"https:\/\/staging.ivg.it\/ediapi\/wp\/v2\/media?parent=465781"}],"wp:term":[{"taxonomy":"category","embeddable":true,"href":"https:\/\/staging.ivg.it\/ediapi\/wp\/v2\/categories?post=465781"},{"taxonomy":"post_tag","embeddable":true,"href":"https:\/\/staging.ivg.it\/ediapi\/wp\/v2\/tags?post=465781"}],"curies":[{"name":"wp","href":"https:\/\/api.w.org\/{rel}","templated":true}]}}