{"id":465771,"date":"2019-05-02T13:36:03","date_gmt":"2019-05-02T11:36:03","guid":{"rendered":"http:\/\/www.ivg.it\/?p=465771"},"modified":"2019-05-02T13:36:03","modified_gmt":"2019-05-02T11:36:03","slug":"fossa-olimpica-i-vincitori-della-prima-prova-del-campionato-regionale","status":"publish","type":"post","link":"https:\/\/staging.ivg.it\/2019\/05\/fossa-olimpica-i-vincitori-della-prima-prova-del-campionato-regionale\/","title":{"rendered":"Fossa Olimpica: i vincitori della prima prova del campionato regionale"},"content":{"rendered":"<p><strong>Albenga.<\/strong> Domenica 28 aprile \u00e8 iniziato il <strong>campionato regionale ligure di tiro al piattello, specialit\u00e0 Fossa Olimpica.<\/strong><\/p>\n<p><strong>Il campionato si svolge su tre prove di 100 piattelli ognuna<\/strong> (valide le migliori due), <strong>con finale in programma domenica 7 luglio a Ventimiglia.<\/strong> I migliori potranno accedere alla fase nazionale, che assegner\u00e0 il titolo di campione italiano per ciascuna categoria e qualifica. Sicuramente \u00e8 il massimo appuntamento per lo sport tiravolistico regionale ed il pi\u00f9 sentito dai tiratori.<\/p>\n<p><strong>Le sedi di gara sono state il Tav Genova per le Terze Categorie ed i Veterani e il Tav Albenga per le Seconde Categorie e i Master.<\/strong> Presenti, a Genova, il delegato regionale Francesco Ciocca e, ad Albenga, il coordinatore Carlo Genesio, coadiuvati dai direttori di tiro.<\/p>\n<p>Di seguito i podi.<\/p>\n<p><strong>Seconda Categoria<\/strong><br \/>\n1\u00b0 Fazio Giovanni (Tav Ventimiglia)<br \/>\n2\u00b0 Navarra Francesco (Tav Albenga)<br \/>\n3\u00b0 Marcin\u00f2 Andrea (Tav Albenga)<\/p>\n<p><strong>Terza Categoria<\/strong><br \/>\n1\u00b0 Novello Michele (Tav Albenga)<br \/>\n2\u00b0 De Lucchi Massimo (Tav Genova)<br \/>\n3\u00b0 Ferraris Massimo (Tav Genova)<\/p>\n<p><strong>Veterani<\/strong><br \/>\n1\u00b0 Borla Giorgio (Tav Genova)<br \/>\n2\u00b0 De Zerega (Tav Genova)<br \/>\n3\u00b0 Mangolini Edoardo (Tav Genova)<\/p>\n<p><strong>Master<\/strong><br \/>\n1\u00b0 Ravera Giorgio (Tav Albenga)<br \/>\n2\u00b0 Rebella Valter (Tav Cairo)<br \/>\n3\u00b0 Di Cesare Guido (Tav Albenga)<\/p>\n<p><strong>Prossimo appuntamento domenica 2 giugno<\/strong>, sempre sui campi di Tav Genova e Tav Albenga, ma a categorie e qualifiche invertite.<\/p>\n","protected":false},"excerpt":{"rendered":"<p>Michele Novello ha primeggiato nella Terza Categoria, Giorgio Ravera tra i Master<\/p>\n","protected":false},"author":18,"featured_media":0,"comment_status":"open","ping_status":"closed","sticky":false,"template":"","format":"standard","meta":{"footnotes":""},"categories":[45296,42377,32],"tags":[20063,6474],"class_list":["post-465771","post","type-post","status-publish","format-standard","hentry","category-copertina","category-altri-sport","category-sport","tag-fossa-olimpica","tag-tiro-a-volo","post_cat_citta-albenga","post_cat_citta-cairo-montenotte"],"amp_validity":null,"amp_enabled":true,"_links":{"self":[{"href":"https:\/\/staging.ivg.it\/ediapi\/wp\/v2\/posts\/465771","targetHints":{"allow":["GET"]}}],"collection":[{"href":"https:\/\/staging.ivg.it\/ediapi\/wp\/v2\/posts"}],"about":[{"href":"https:\/\/staging.ivg.it\/ediapi\/wp\/v2\/types\/post"}],"author":[{"embeddable":true,"href":"https:\/\/staging.ivg.it\/ediapi\/wp\/v2\/users\/18"}],"replies":[{"embeddable":true,"href":"https:\/\/staging.ivg.it\/ediapi\/wp\/v2\/comments?post=465771"}],"version-history":[{"count":0,"href":"https:\/\/staging.ivg.it\/ediapi\/wp\/v2\/posts\/465771\/revisions"}],"wp:attachment":[{"href":"https:\/\/staging.ivg.it\/ediapi\/wp\/v2\/media?parent=465771"}],"wp:term":[{"taxonomy":"category","embeddable":true,"href":"https:\/\/staging.ivg.it\/ediapi\/wp\/v2\/categories?post=465771"},{"taxonomy":"post_tag","embeddable":true,"href":"https:\/\/staging.ivg.it\/ediapi\/wp\/v2\/tags?post=465771"}],"curies":[{"name":"wp","href":"https:\/\/api.w.org\/{rel}","templated":true}]}}