{"id":465748,"date":"2019-05-02T11:20:19","date_gmt":"2019-05-02T09:20:19","guid":{"rendered":"http:\/\/www.ivg.it\/?p=465748"},"modified":"2019-05-02T11:20:19","modified_gmt":"2019-05-02T09:20:19","slug":"crollo-morandi-30-persone-della-zona-rossa-della-valpolcevera-saranno-ospiti-dellassociazione-albergatori-di-pietra-e-borgio","status":"publish","type":"post","link":"https:\/\/staging.ivg.it\/2019\/05\/crollo-morandi-30-persone-della-zona-rossa-della-valpolcevera-saranno-ospiti-dellassociazione-albergatori-di-pietra-e-borgio\/","title":{"rendered":"Crollo Morandi, 30 persone della zona rossa della Valpolcevera saranno ospiti dell\u2019associazione Albergatori di Pietra e Borgio"},"content":{"rendered":"<p><strong>Pietra Ligure.<\/strong> \u201cUn gruppo di famiglie di circa 30 persone, individuate dalle istituzioni ufficiali della zona rossa della Valpolcevera, purtroppo pesantemente colpite e che hanno perso il lavoro a seguito del crollo, sar\u00e0 ospitato nelle strutture ricettive di Pietra ligure\u201d.\u00a0Spiega cos\u00ec l\u2019iniziativa \u201cweekend solidale\u201d il presidente dell\u2019associazione Albergatori di Pietra ligure e Borgio Verezzi Giuseppe Casella.<\/p>\n<p>\u201cLo scorso 14 agosto il drammatico evento del crollo del ponte Morandi ha colpito l\u2019anima della nostra citt\u00e0 la quale non ha esitato a mettere in moto la macchina della solidariet\u00e0, &#8211; ha aggiunto. &#8211; In pochi giorni \u00e8 stato possibile organizzare su iniziativa del comune l\u2019evento \u2018Pietra su Pietra\u2019 cena solidale avente lo scopo di raccogliere fondi da destinare a quelle persone che hanno subito le conseguenze di quel tragico evento\u201d.<\/p>\n<p>\u201cLe diverse associazioni locali si sono cos\u00ec messe a disposizione per la realizzazione della cena-evento per quasi 2mila persone. L\u2019associazione albergatori di Pietra ligure collaborando insieme ai volontari della parrocchia N.S. del Soccorso ha provveduto alla realizzazione del dolce e in quella stessa serata ha pubblicamente messo a disposizione, attraverso la sensibilit\u00e0 dei propri associati e secondo la propria vocazione all\u2019accoglienza che la caratterizza, appartamenti e camere gratuite, cos\u00ec da consentire alle persone maggiormente colpite da questa disgrazia, di trascorrere un weekend a Pietra in serenit\u00e0 e spensieratezza\u201d.<\/p>\n<p>Come fortemente voluto dal presidente APA Giuseppe Casella e con la grande disponibilit\u00e0 e fattiva collaborazione del presidente del municipio 5 della Valpolcevera Federico Romeo, del rappresentante della croce rosa di Rivarolo Alessio Conti e del presidente del comitato dei lavoratori della zona rossa Marco Trucco, nel weekend del 4 e 5 maggio tutto ci\u00f2 si realizzer\u00e0.<\/p>\n<p>\u201cLe 30 persone che saranno ospitate, &#8211; ha proseguito Casella, &#8211; potranno cos\u00ec visitare la nostra cittadina, godere della giornata in spiaggia e grazie alla fattiva collaborazione da tempo instaurata tra APA e Aldo Genesio della cooperativa sociale Arcadia, potranno godere della visita alle Grotte di Borgio Verezzi, le grotte pi\u00f9 colorate d\u2019Italia\u201d.<\/p>\n<p>\u201cGrazie ai locali messi a disposizione dai frati francescani, a completare il \u2018weekend solidale\u2019 non mancher\u00e0 una cena conviviale preparata dai volontari della parrocchia del N.S. Soccorso in collaborazione con l\u2019associazione albergatori, alla quale prenderanno parte anche i rappresentanti delle istituzioni locali e delle associazioni che gi\u00e0 fattivamente parteciparono all\u2019evento Pietra su Pietra. Siamo onorati che queste persone abbiano accolto con entusiasmo questa iniziativa e grati con tutti coloro che si sono messi a disposizione per realizzarla\u201d.<\/p>\n<p>Federico Romeo, presidente del Municipio 5\u00a0Valpolcevera, ha cos\u00ec commentato l\u2019iniziativa: \u201cUna splendida idea, un pregevole progetto.\u00a0Un modo concreto per donare sollievo, svago e spensieratezza a chi ha visto, dopo i tragici fatti del 14 agosto, cambiare completamente la propria vita. Un segno d\u2019amicizia che congiunge la\u00a0Valpolcevera\u00a0al Ponente Ligure, terre da sempre ospitali e ricche di umanit\u00e0. Il grazie \u00e8 a tutti coloro che hanno reso possibile questo week end dedicato alla bellezza e ai colori di questa splendida cittadina ligure. Grazie al presidente APA Giuseppe Casella per la sensibilit\u00e0 e per l\u2019originale iniziativa, davvero molto apprezzata\u201d.<\/p>\n<p>Infine, l\u2019intervento del sindaco di Pietra ligure Dario Valeriani: \u201cOgni anno l\u2019iniziativa Pietra su Pietra consente di raccogliere una cospicua somma e rappresenta un significativo momento di aggregazione per tutti i pietresi; anche l\u2019iniziativa dei prossimi giorni rappresenta un importante momento di unione e condivisione per la nostra citt\u00e0. Un plauso all\u2019associazione albergatori di Pietra ligure\u201d.<\/p>\n","protected":false},"excerpt":{"rendered":"<p>L\u2019iniziativa, denominata \u201cweekend solidale\u201d, si svolger\u00e0 nel weekend (4 e 5 maggio)<\/p>\n","protected":false},"author":18599,"featured_media":0,"comment_status":"open","ping_status":"closed","sticky":false,"template":"","format":"standard","meta":{"footnotes":""},"categories":[56,34],"tags":[76280,103288],"class_list":["post-465748","post","type-post","status-publish","format-standard","hentry","category-altre","category-cronaca","tag-associazione-albergatori-pietra-ligure","tag-crollo-ponte-morandi","post_cat_citta-borgio-verezzi","post_cat_citta-pietra-ligure","post_tag_personaggi-dario-valeriani","post_tag_personaggi-federico-romeo","post_tag_personaggi-giuseppe-casella"],"amp_validity":null,"amp_enabled":true,"_links":{"self":[{"href":"https:\/\/staging.ivg.it\/ediapi\/wp\/v2\/posts\/465748","targetHints":{"allow":["GET"]}}],"collection":[{"href":"https:\/\/staging.ivg.it\/ediapi\/wp\/v2\/posts"}],"about":[{"href":"https:\/\/staging.ivg.it\/ediapi\/wp\/v2\/types\/post"}],"author":[{"embeddable":true,"href":"https:\/\/staging.ivg.it\/ediapi\/wp\/v2\/users\/18599"}],"replies":[{"embeddable":true,"href":"https:\/\/staging.ivg.it\/ediapi\/wp\/v2\/comments?post=465748"}],"version-history":[{"count":0,"href":"https:\/\/staging.ivg.it\/ediapi\/wp\/v2\/posts\/465748\/revisions"}],"wp:attachment":[{"href":"https:\/\/staging.ivg.it\/ediapi\/wp\/v2\/media?parent=465748"}],"wp:term":[{"taxonomy":"category","embeddable":true,"href":"https:\/\/staging.ivg.it\/ediapi\/wp\/v2\/categories?post=465748"},{"taxonomy":"post_tag","embeddable":true,"href":"https:\/\/staging.ivg.it\/ediapi\/wp\/v2\/tags?post=465748"}],"curies":[{"name":"wp","href":"https:\/\/api.w.org\/{rel}","templated":true}]}}