{"id":465378,"date":"2019-04-27T12:28:21","date_gmt":"2019-04-27T10:28:21","guid":{"rendered":"http:\/\/www.ivg.it\/?p=465378"},"modified":"2019-04-27T12:29:07","modified_gmt":"2019-04-27T10:29:07","slug":"pietra-il-m5s-presenta-lista-e-programmi","status":"publish","type":"post","link":"https:\/\/staging.ivg.it\/2019\/04\/pietra-il-m5s-presenta-lista-e-programmi\/","title":{"rendered":"Pietra, il M5S presenta lista e programmi: &#8220;Persone normali, con visioni diverse dal classico politico pietrese&#8221;"},"content":{"rendered":"<p><strong>Pietra Ligure.<\/strong> Sono stati presentati ufficialmente questa mattina alle 10.30 la lista ed il programma del MoVimento 5 Stelle di Pietra Ligure, che supporta il candidato sindaco Bruno Paolinelli Devincenzi in vista delle prossime elezioni amministrative.<\/p>\n<p>In piazza Nicol\u00f2 Castellino c&#8217;erano anche i candidati alle elezioni europee Silvia Malivindi e Marco Mes, la senatrice Elena Botto, il deputato Roberto Traversi e i consiglieri regionali Andrea Melis e Alice Salvatore.<\/p>\n<p>&#8220;Io penso che si debba essere coerenti con quanto fatto in questi anni &#8211; ha detto il candidato sindaco Bruno Paolinelli Devincenzi &#8211; E&#8217; giusto riproporre la lista e credere che ci possa essere maggior consenso da parte dei cittadini per quanto fatto in minoranza. Ritengo il nostro programma molto concreto: nei punti fondamentali non ha le solite parole gi\u00e0 sentite ma solo progetti concreti. Credo che la nostra maggior forza stia proprio nella sostanza dei progetti&#8221;.<\/p>\n<p>In lista con lui ci saranno il consigliere uscente Alessio Franco, gli imprenditori Daniele Stefano Continenza e Emanuela Facchin, i ristoratori Ninio Inannuzzi e Stefano Viani, l&#8217;operaio Andrea Martoccia, la pensionata Daniela Serra, la casalinga Caterina Lepori e il dottore in legge Daniele Rosa.<\/p>\n<p>&#8220;La lista si compone di professionisti e persone molto normali &#8211; ha proseguito il candidato sindaco &#8211; operai, casalinghe, persone mai votate alla politica ma al volontariato puro, che \u00e8 ci\u00f2 che contraddistingue il MoVimento. Persone che per\u00f2 hanno molte competenze e quindi visioni diverse da quelle abituali del classico politico pietrese&#8221;. Visioni, ha aggiunto, &#8220;molto orientate su riciclo e nuove tecnologie, un po&#8217; diverse da quelle degli altri candidati&#8221;.<\/p>\n<p>Una critica, quella al &#8220;classico politico pietrese&#8221;, che \u00e8 ritornata anche nelle parole del consigliere comunale uscente del MoVimento, Franco Alessio. Bersaglio, in questo caso, \u00e8 stato nello specifico il sindaco uscente Dario Valeriani: &#8220;Ha detto di essere senza stimoli? &#8211; ha detto, ricordando <a href=\"https:\/\/www.ivg.it\/2019\/04\/pietra-ligure-il-bilancio-del-sindaco-valeriani-scomodo-per-logiche-di-parte-mi-tiro-fuori-dalla-corsa-elettorale\/\">l&#8217;intervista di ieri a IVG<\/a> &#8211; Meno male, ha gi\u00e0 fatto abbastanza danni&#8230;&#8221;.<\/p>\n","protected":false},"excerpt":{"rendered":"<p>Duro il consigliere uscente Franco Alessio: &#8220;Valeriani senza stimoli? Meno male, gi\u00e0 fatto abbastanza danni&#8221;<\/p>\n","protected":false},"author":10593,"featured_media":0,"comment_status":"open","ping_status":"closed","sticky":false,"template":"","format":"standard","meta":{"footnotes":""},"categories":[45296,31],"tags":[29875],"class_list":["post-465378","post","type-post","status-publish","format-standard","hentry","category-copertina","category-politica","tag-movimento-5-stelle","post_cat_citta-pietra-ligure","post_tag_personaggi-bruno-paolinelli-devincenzi"],"amp_validity":null,"amp_enabled":true,"_links":{"self":[{"href":"https:\/\/staging.ivg.it\/ediapi\/wp\/v2\/posts\/465378","targetHints":{"allow":["GET"]}}],"collection":[{"href":"https:\/\/staging.ivg.it\/ediapi\/wp\/v2\/posts"}],"about":[{"href":"https:\/\/staging.ivg.it\/ediapi\/wp\/v2\/types\/post"}],"author":[{"embeddable":true,"href":"https:\/\/staging.ivg.it\/ediapi\/wp\/v2\/users\/10593"}],"replies":[{"embeddable":true,"href":"https:\/\/staging.ivg.it\/ediapi\/wp\/v2\/comments?post=465378"}],"version-history":[{"count":0,"href":"https:\/\/staging.ivg.it\/ediapi\/wp\/v2\/posts\/465378\/revisions"}],"wp:attachment":[{"href":"https:\/\/staging.ivg.it\/ediapi\/wp\/v2\/media?parent=465378"}],"wp:term":[{"taxonomy":"category","embeddable":true,"href":"https:\/\/staging.ivg.it\/ediapi\/wp\/v2\/categories?post=465378"},{"taxonomy":"post_tag","embeddable":true,"href":"https:\/\/staging.ivg.it\/ediapi\/wp\/v2\/tags?post=465378"}],"curies":[{"name":"wp","href":"https:\/\/api.w.org\/{rel}","templated":true}]}}