{"id":464872,"date":"2019-04-19T20:19:11","date_gmt":"2019-04-19T18:19:11","guid":{"rendered":"http:\/\/www.ivg.it\/?p=464872"},"modified":"2019-04-19T20:21:42","modified_gmt":"2019-04-19T18:21:42","slug":"speciale-torneo-delle-regioni-2019-la-liguria-femminile-cede-sul-piu-bello","status":"publish","type":"post","link":"https:\/\/staging.ivg.it\/2019\/04\/speciale-torneo-delle-regioni-2019-la-liguria-femminile-cede-sul-piu-bello\/","title":{"rendered":"Speciale Torneo delle Regioni 2019: la Liguria femminile cede sul pi\u00f9 bello"},"content":{"rendered":"<p><b>\u00c8 toccato al Piemonte Valle d&#8217;Aosta<\/b>\u00a0(l&#8217;avevamo pronosticato a ragion veduta)\u00a0<b>conquistare il tricolore nella categoria femminile U23<\/b>. Battuta, in rimonta, la nostra Liguria per\u00a0<b>3-1<\/b>.<\/p>\n<p>Le due compagini finaliste si sono affrontate nel bellissimo centro sportivo del Frosinone, situato nella cittadina di Ferentino.<\/p>\n<p>La gara, diretta da una terna anch&#8217;essa tutta al femminile, si \u00e8 avviata con fasi di studi e su ritmi non altissimi. Il big match si \u00e8 sbloccato al 16&#8242; quando si \u00e8 accesa una mischia nell&#8217;area del Piemonte Valle d&#8217;Aosta e l&#8217;ultimo tocco, che ha beffa il portiere, \u00e8 stato di Zecchino, per un autogol che ha regalato l&#8217;inaspettato il vantaggio alle liguri.A questo punto sembrava fosse finalmente giunto l&#8217;anno buono, quello per intenderci ad un brand senz&#8217;altro positivo si somma una buona dose (indispensabile anche nel calcio) di fortuna.<\/p>\n<p><b>Per quasi 25 minuti le ragazze liguri sono state campionesse d&#8217;Italia<\/b>. Poi per\u00f2 il Piemonte riorganizzatosi e ripresosi dallo shock ha trovato il gol del pareggio con Mellano, su calcio di rigore, realizzato pochi secondi prima dell&#8217;intervallo.<\/p>\n<p>La ripresa si \u00e8 aperta come era da aspettarsi con il Piemonte pi\u00f9 arrembante. Infatti al 12&#8242; le ragazze di mister Riccardi hanno messoo la freccia con Aloi per \u00a0allungare ancora al 29\u00b0 con Bagnasco. Con questo meritato successo il Piemonte Valle D&#8217;Aosta ottiene il terzo titolo femminile nella storia del Torneo delle Regioni.<\/p>\n<p>Le calciatrici delle due formazioni al termine della gara sono state premiate direttamente dal presidente della LND Cosimo Sibilia. Hanno preso parte alle premiazioni, dopo aver assistito all&#8217;incontro il consigliere federale Stella Frasc\u00e0, il vice presidente per l&#8217;Area Centro Giuseppe Caridi insieme ai presidenti regionali Mossino (Piemonte Valle d&#8217;Aosta), Ivaldi (Liguria) e Zarelli (Lazio). Presente anche il componente del CRA Lazio, Ivan Magnani.<\/p>\n<p>Ecco il tabellino della finale valevole per il primo posto:<\/p>\n<p><b>LIGURIA-PIEMONTE VALLE D&#8217;AOSTA 1-3<\/b><br \/>\n<b>LIGURIA<\/b>: Parodi, Barbieri, Basso, Brucci (1&#8217;st Barbieri), Ferrea, Giuliana, Isoleri, Luccisano (17&#8217;st Giusto), Moscamora, Poletto, Vecciu (1&#8217;st Rizzo), Ymeri PANCHINA Seravalli, Bernat, Del Verme, Fam\u00e0, Giusto, Rizzuto, Solari ALLENATORE Maggi<br \/>\n<b>PIEMONTE VDA<\/b>: De Filippo, Sorleto, Sala, Ponzio (5&#8217;st Colombero), Bagnasco, Accoliti (22&#8217;st Papagna), Aloi, Ottone, Frasson, Mellano (28&#8217;st Gennari), Zecchino PANCHINA Serale, Ghibaudo, Oberofer, Faudella, Beccaria, Biggi ALLENATORE Riccardi<br \/>\nMarcatori: autogol Zecchino 16&#8217;pt (L), Mellano rig. 44&#8217;pt (P), Aloi 12&#8217;st (P), Bagnasco 29&#8217;st (P)<br \/>\nArbitro Spampinato di Ciampino Assistenti Negro e Nardozi di Roma 1<br \/>\nNote: Ammoniti Rupinaro Angoli 3-5 Fuorigioco 1-1 Rec. 4&#8217;pt-5&#8217;st<\/p>\n","protected":false},"excerpt":{"rendered":"<p>Lo speciale Settore Giovanile del Ct Vaniglia<\/p>\n","protected":false},"author":18,"featured_media":0,"comment_status":"open","ping_status":"closed","sticky":false,"template":"","format":"standard","meta":{"footnotes":""},"categories":[45296,182,32],"tags":[85989,5327,58119],"class_list":["post-464872","post","type-post","status-publish","format-standard","hentry","category-copertina","category-calcio","category-sport","tag-calcio","tag-calcio-giovanile","tag-speciale-settore-giovanile"],"amp_validity":null,"amp_enabled":true,"_links":{"self":[{"href":"https:\/\/staging.ivg.it\/ediapi\/wp\/v2\/posts\/464872","targetHints":{"allow":["GET"]}}],"collection":[{"href":"https:\/\/staging.ivg.it\/ediapi\/wp\/v2\/posts"}],"about":[{"href":"https:\/\/staging.ivg.it\/ediapi\/wp\/v2\/types\/post"}],"author":[{"embeddable":true,"href":"https:\/\/staging.ivg.it\/ediapi\/wp\/v2\/users\/18"}],"replies":[{"embeddable":true,"href":"https:\/\/staging.ivg.it\/ediapi\/wp\/v2\/comments?post=464872"}],"version-history":[{"count":0,"href":"https:\/\/staging.ivg.it\/ediapi\/wp\/v2\/posts\/464872\/revisions"}],"wp:attachment":[{"href":"https:\/\/staging.ivg.it\/ediapi\/wp\/v2\/media?parent=464872"}],"wp:term":[{"taxonomy":"category","embeddable":true,"href":"https:\/\/staging.ivg.it\/ediapi\/wp\/v2\/categories?post=464872"},{"taxonomy":"post_tag","embeddable":true,"href":"https:\/\/staging.ivg.it\/ediapi\/wp\/v2\/tags?post=464872"}],"curies":[{"name":"wp","href":"https:\/\/api.w.org\/{rel}","templated":true}]}}