{"id":464853,"date":"2019-04-19T16:24:44","date_gmt":"2019-04-19T14:24:44","guid":{"rendered":"http:\/\/www.ivg.it\/?p=464853"},"modified":"2019-04-19T16:31:04","modified_gmt":"2019-04-19T14:31:04","slug":"bombardier-fumata-grigia-dal-vertice-al-mise-pronta-nuova-mobilitazione-dei-lavoratori","status":"publish","type":"post","link":"https:\/\/staging.ivg.it\/2019\/04\/bombardier-fumata-grigia-dal-vertice-al-mise-pronta-nuova-mobilitazione-dei-lavoratori\/","title":{"rendered":"Bombardier, fumata grigia dal vertice al Mise: pronta nuova mobilitazione dei lavoratori"},"content":{"rendered":"<p><strong>Vado Ligure.<\/strong> Un altro rinvio senza nulla di fatto che aumenta l\u2019apprensione nel sindacato e tra i lavoratori per il futuro dello stabilimento Bombardier di Vado Ligure: questo in estrema sintesi \u00e8 ci\u00f2 che emerge dall\u2019incontro al Mise.<\/p>\n<p>Cos\u00ec come le istituzioni locali, anche il Mise ha concordato con la richiesta delle organizzazioni sindacali e delle RSU circa la richiesta di ritiro della procedura. La delegazione aziendale presente (colpevolmente assenti l&#8217;ad Bombardier Italia Corradi ed il rappresentante del Gruppo Vazquez), pur confermando dal suo punto di vista la bont\u00e0 dell&#8217;operazione, si \u00e8 impegnata a trasferire tale richiesta al Gruppo. Al tempo stesso siamo stati informati che la procedura non si concluder\u00e0 prima della fine del mese di maggio anzich\u00e9 il 4 maggio.<\/p>\n<p>\u201cNel confermare tutta la nostra contrariet\u00e0 ad una scelta che rischia indebolire il sito in modo definitivo, sottolineiamo ancora una volta come il problema principale sia oggi l&#8217;assenza di un piano industriale per il consolidamento ed il rilancio del sito \u2013 afferma il segretario provinciale della Fiom savonese Andrea Mandraccia -. Non c&#8217;\u00e8 infatti nessuna traccia della volont\u00e0 del sito di portare a Vado le locomotive DC3 per il mercato estero europeo, condizione che porter\u00e0 la fabbrica ad essere senza carichi di lavoro a fine estate\u201d.<\/p>\n<p>\u201cAl tempo stesso siamo sempre in attesa della formalizzazione del contratto per la produzione di 14 treni per Trenitalia per l&#8217;alta velocit\u00e0, cosa che porterebbe due anni di lavoro al sito. Nessuna novit\u00e0 neppure sul fronte della collaborazione con Hitachi (strategica Per Bombardier) per la produzione dei treni a potenza distribuita destinati al trasporto regionale, situazione per la quale si \u00e8 ancora fermi alla lettera di intenti a cui non si \u00e8 pi\u00f9 dato seguito\u201d.<\/p>\n<p>\u201cAbbiamo pertanto richiesto al Mise di mettere Bombardier di fronte al fatto che per Vado deve essere fatta una scelta chiara. \u00c8 infatti dallo scorso settembre che stiamo aspettando un piano industriale degno di questo nome. Se Bombardier non garantisce pi\u00f9, cos\u00ec come noi crediamo, il sito produttivo, occorre allora lavorare ad un piano B verificando la disponibilit\u00e0 da parte di altri Gruppi a rilevare lo stabilimento. Uno stabilimento con competenze e professionalit\u00e0 nonch\u00e9 logisticamente ancora pi\u00f9 strategico una volta che sar\u00e0 ultimata la piattaforma Maersk\u201d.<\/p>\n<p>\u201cOccorre insomma lavorare ad una governance del settore produzione di materiale rotabile che garantisca i siti produttivi presenti sul territorio nazionale. Riteniamo che ci siano tutte le condizioni per farlo. Il tavolo sar\u00e0 pertanto riconvocato non oltre la fine della terza settimana di maggio. Nel frattempo decideremo con i lavoratori le iniziative di mobilitazione da mettere in campo per contrastare queste miopi politiche &#8216;finanziario industriali&#8217; e per tenere alta l&#8217;attenzione sulla vertenza cos\u00ec come, pi\u00f9 in generale, sulla questione della crisi industriale del nostro territorio\u201d conclude Mandraccia. <\/p>\n<p>\u201cIl primo segnale poco incoraggiante si \u00e8 evidenziato immediatamente a fronte dell\u2019assenza al tavolo ministeriale del Gruppo che ha delegato la partecipazione ad una rappresentanza ristretta del management locale\u201d affermano Christian Venzano, segretario Fim Cisl Liguria e Simone Pesce, Segretario Cisl imperia Savona con delega all\u2019industria.<\/p>\n<p>\u201cL\u2019occasione ha consentito, comunque, al sindacato di manifestare nuovamente al Mise le proprie preoccupazioni rispetto alla mancanza di un vero piano di sostegno e rilancio del sito produttivo vadese nonch\u00e9 il forte dissenso rispetto alla decisione unilaterale assunta recentemente dall\u2019azienda sulla cessione del ramo di azienda legato al comparto ingegneristico ed al mancato rispetto degli accordi sul trasferimento a Vado Ligure della produzione delle locomotive DC3 polacche\u201d.<\/p>\n<p>\u201cSenza interventi urgenti di rilievo lo stabilimento di Vado Ligure si potrebbe trovare gi\u00e0 a giugno senza lavoro con l\u2019incognita di poter individuare adeguati ammortizzatori sociali\u201d.<\/p>\n<p>\u201cLa partita \u00e8 rimandata ad un nuovo incontro da tenersi entro il 15 maggio, per il quale i rappresentanti del MISE si sono impegnati a lavorare affinch\u00e9 sia garantita la presenza dei rappresentanti del Gruppo per verificarne le reali intenzioni rispetto al futuro dello stabilimento\u201d.<\/p>\n<p>\u201cNel frattempo \u00e8 stata richiesta la sospensione della cessione del ramo d\u2019azienda che rappresenterebbe un impoverimento del sito produttivo condannandone quasi inevitabilmente il futuro se non contestualizzato in un vero e proprio piano di rilancio. La Fim e la Cisl continueranno a chiedere in tutte le sedi un serio piano industriale\u201d concludono i due esponenti sindacali.<\/p>\n","protected":false},"excerpt":{"rendered":"<p>Il Mise a sostegno dei sindacati per chiedere al Gruppo il dietrofront sul ramo di ingegneria<\/p>\n","protected":false},"author":4,"featured_media":0,"comment_status":"open","ping_status":"closed","sticky":false,"template":"","format":"standard","meta":{"footnotes":""},"categories":[45296,35],"tags":[4078],"class_list":["post-464853","post","type-post","status-publish","format-standard","hentry","category-copertina","category-economia","tag-bombardier","post_cat_citta-vado-ligure","post_tag_personaggi-andrea-mandraccia","post_tag_personaggi-christian-venzano","post_tag_personaggi-simone-pesce"],"amp_validity":null,"amp_enabled":true,"_links":{"self":[{"href":"https:\/\/staging.ivg.it\/ediapi\/wp\/v2\/posts\/464853","targetHints":{"allow":["GET"]}}],"collection":[{"href":"https:\/\/staging.ivg.it\/ediapi\/wp\/v2\/posts"}],"about":[{"href":"https:\/\/staging.ivg.it\/ediapi\/wp\/v2\/types\/post"}],"author":[{"embeddable":true,"href":"https:\/\/staging.ivg.it\/ediapi\/wp\/v2\/users\/4"}],"replies":[{"embeddable":true,"href":"https:\/\/staging.ivg.it\/ediapi\/wp\/v2\/comments?post=464853"}],"version-history":[{"count":0,"href":"https:\/\/staging.ivg.it\/ediapi\/wp\/v2\/posts\/464853\/revisions"}],"wp:attachment":[{"href":"https:\/\/staging.ivg.it\/ediapi\/wp\/v2\/media?parent=464853"}],"wp:term":[{"taxonomy":"category","embeddable":true,"href":"https:\/\/staging.ivg.it\/ediapi\/wp\/v2\/categories?post=464853"},{"taxonomy":"post_tag","embeddable":true,"href":"https:\/\/staging.ivg.it\/ediapi\/wp\/v2\/tags?post=464853"}],"curies":[{"name":"wp","href":"https:\/\/api.w.org\/{rel}","templated":true}]}}