{"id":464611,"date":"2019-04-17T13:06:24","date_gmt":"2019-04-17T11:06:24","guid":{"rendered":"http:\/\/www.ivg.it\/?p=464611"},"modified":"2019-04-17T16:11:38","modified_gmt":"2019-04-17T14:11:38","slug":"sconfitta-juve-dirigente-del-savona-calcio-deride-il-grande-torino-e-lassessore-scrive-al-presidente-prenda-le-distanze","status":"publish","type":"post","link":"https:\/\/staging.ivg.it\/2019\/04\/sconfitta-juve-dirigente-del-savona-calcio-deride-il-grande-torino-e-lassessore-scrive-al-presidente-prenda-le-distanze\/","title":{"rendered":"Sconfitta Juve, dirigente del Savona Calcio deride il Grande Torino e l&#8217;assessore scrive al presidente: &#8220;Prenda le distanze&#8221;"},"content":{"rendered":"<p><strong>Savona.<\/strong> &#8220;Beati i granata che non hanno problemi di coppa ma solo di voli aerei&#8221;. Una frase lapidaria con cui uno juventino ha reagito su Facebook agli sfott\u00f2 dopo l&#8217;eliminazione con l&#8217;Ajax. Solo che in questo caso non si parla di un tifoso &#8220;qualsiasi&#8221;, bens\u00ec di un dirigente di una societ\u00e0 di calcio, il Savona.<\/p>\n<p>E anche qui, non una squadra qualsiasi, ma una che lega indissolubilmente la propria memoria (e il proprio stadio) al mitico Valerio Bacigalupo, ossia proprio il portiere di quel Grande Torino i cui giocatori morirono nella tragedia di Superga. E inevitabilmente scoppia il caso.<\/p>\n<div class=\"single-img-content-container fullwidth-single shortcode standard\">\n    <div class=\"image_container\" style=\"text-align: center;\">\n        <picture class=\" lazyload\"><img loading=\"lazy\" class=\"lazy\" data-srcset=\"https:\/\/www.ivg.it\/photogallery_new\/images\/2019\/04\/staff-tecnico-savona-545015.jpg 1024w, https:\/\/www.ivg.it\/photogallery_new\/images\/2019\/04\/staff-tecnico-savona-545015.jpg 970w, https:\/\/www.ivg.it\/photogallery_new\/images\/2019\/04\/staff-tecnico-savona-545015.jpg 660w, https:\/\/www.ivg.it\/photogallery_new\/images\/2019\/04\/staff-tecnico-savona-545015.jpg 316w, https:\/\/www.ivg.it\/photogallery_new\/images\/2019\/04\/staff-tecnico-savona-545015.jpg 150w\"  data-src=\"https:\/\/www.ivg.it\/photogallery_new\/images\/2019\/04\/staff-tecnico-savona-545015.jpg\" alt=\"staff tecnico savona\" \/><\/picture>\r\n\n    <\/div>\n    <\/div>\n\n<p>A finire nella bufera in queste ore \u00e8 Claudio Corace, che nell&#8217;organigramma del Savona Calcio ricopre il ruolo di dirigente addetto agli arbitri. Un ruolo ufficiale che ora rischia di imbarazzare non poco i biancoblu. Corace infatti, tifoso juventino, non ha evidentemente gradito la valanga di post con cui ieri sera i tifosi delle altre squadre hanno preso in giro la Juventus in seguito all&#8217;eliminazione dalla Champions League per mano dell&#8217;Ajax: commentando un goliardico &#8220;non sento i clacson&#8221; condito di emoticon ridenti, ha reagito ricordando una delle pi\u00f9 grandi tragedie dello sport italiano, lo schianto in cui a Superga nel 1949 morirono i giocatori del Grande Torino.<\/p>\n<p><strong><em>Alle 15.30 il Savona Calcio ha ufficialmente preso posizione: clicca<\/em> <a href=\"http:\/\/www.ivg.it\/2019\/04\/deride-il-grande-torino-per-rispondere-agli-sfotto-contro-la-juve-il-savona-calcio-sospende-il-suo-dirigente\/\">qui<\/a> per il comunicato ufficiale<\/strong>.<\/p>\n<p>Una strage in cui persero la vita in totale 31 persone tra cui un savonese, il 25enne portiere Valerio Bacigalupo: la sua salma si trova nel cimitero di Bossarino e a lui \u00e8 intitolato lo stadio di Savona, ossia proprio quello in cui gioca la squadra di cui Corace \u00e8 dirigente.<\/p>\n<p>E cos\u00ec l&#8217;assessore allo Sport di Savona, Maurizio Scaramuzza, pur essendo juventino come Corace e peraltro noto in citt\u00e0 proprio per la sua inclinazione agli &#8220;sfott\u00f2&#8221; sportivi sui social, ha deciso di scrivere un messaggio al presidente del Savona Calcio chiedendo un suo intervento. &#8220;E&#8217; vergognoso che qualcuno si permetta di dire cose simili &#8211; tuona Scaramuzza &#8211; a maggior ragione un accompagnatore del Savona Calcio, una squadra che gioca in uno stadio intitolato a una delle vittime di Superga. Mi sento amareggiato: lo sfott\u00f2 ci sta e io sono il primo spesso a prendere in giro o a &#8216;subire&#8217;, come in questo caso, ma ci sono tragedie come quella del Grande Torino, l&#8217;Heysel o la morte di Astori, che sono al di sopra di queste dinamiche. Io stesso, da juventino, sono stato pi\u00f9 volte a Superga per onorare la squadra pi\u00f9 forte del mondo&#8221;.<\/p>\n<p>&#8220;Bisognerebbe vergognarsi di dire determinate cose: spero che il Savona Calcio prenda le dovute distanze da Corace &#8211; \u00e8 la richiesta di Scaramuzza &#8211; Peraltro lo conosco, e mi dispiace assumere questa posizione. Ma cose del genere non si possono dire&#8221;.<\/p>\n","protected":false},"excerpt":{"rendered":"<p>Galeotta una frase in cui il dirigente reagisce agli sfott\u00f2 ricordando la tragedia di Superga: &#8220;Beati i granata, loro problemi solo di voli aerei&#8221;<\/p>\n","protected":false},"author":10593,"featured_media":0,"comment_status":"open","ping_status":"closed","sticky":false,"template":"","format":"standard","meta":{"footnotes":""},"categories":[182,34,32],"tags":[],"class_list":["post-464611","post","type-post","status-publish","format-standard","hentry","category-calcio","category-cronaca","category-sport","post_cat_citta-savona","post_tag_personaggi-claudio-corace","post_tag_personaggi-maurizio-scaramuzza"],"amp_validity":null,"amp_enabled":true,"_links":{"self":[{"href":"https:\/\/staging.ivg.it\/ediapi\/wp\/v2\/posts\/464611","targetHints":{"allow":["GET"]}}],"collection":[{"href":"https:\/\/staging.ivg.it\/ediapi\/wp\/v2\/posts"}],"about":[{"href":"https:\/\/staging.ivg.it\/ediapi\/wp\/v2\/types\/post"}],"author":[{"embeddable":true,"href":"https:\/\/staging.ivg.it\/ediapi\/wp\/v2\/users\/10593"}],"replies":[{"embeddable":true,"href":"https:\/\/staging.ivg.it\/ediapi\/wp\/v2\/comments?post=464611"}],"version-history":[{"count":0,"href":"https:\/\/staging.ivg.it\/ediapi\/wp\/v2\/posts\/464611\/revisions"}],"wp:attachment":[{"href":"https:\/\/staging.ivg.it\/ediapi\/wp\/v2\/media?parent=464611"}],"wp:term":[{"taxonomy":"category","embeddable":true,"href":"https:\/\/staging.ivg.it\/ediapi\/wp\/v2\/categories?post=464611"},{"taxonomy":"post_tag","embeddable":true,"href":"https:\/\/staging.ivg.it\/ediapi\/wp\/v2\/tags?post=464611"}],"curies":[{"name":"wp","href":"https:\/\/api.w.org\/{rel}","templated":true}]}}