{"id":464540,"date":"2019-04-16T15:00:52","date_gmt":"2019-04-16T13:00:52","guid":{"rendered":"http:\/\/www.ivg.it\/?p=464540"},"modified":"2019-04-16T15:16:01","modified_gmt":"2019-04-16T13:16:01","slug":"maurizio-landini-cgil-a-savona-salvare-bombardier-sbloccando-le-commesse-su-piaggio-il-governo-prenda-una-decisione","status":"publish","type":"post","link":"https:\/\/staging.ivg.it\/2019\/04\/maurizio-landini-cgil-a-savona-salvare-bombardier-sbloccando-le-commesse-su-piaggio-il-governo-prenda-una-decisione\/","title":{"rendered":"Maurizio Landini (Cgil) a Savona: &#8220;Salvare Bombardier sbloccando le commesse. Su Piaggio il governo prenda una decisione&#8221;"},"content":{"rendered":"<p><strong>Savona.<\/strong> C&#8217;\u00e8 stato tempo per analizzare ed affrontare anche le due vertenze savonesi pi\u00f9 \u201ccalde\u201d del periodo, cio\u00e8 quelle che riguardano il futuro della Piaggio di Villanova d&#8217;Albenga e della Bombardier di Vado Ligure, a margine del&#8217;incontro su \u201cLa Cgil ieri oggi e domani sempre con i propri valori tra crisi industriale, innovazione, nuovi opportunit\u00e0 e l&#8217;importanza della dimensione europea\u201d tenutosi questa mattina presso la Scuola Edile di Savona e che ha avuto come \u201cospite d&#8217;onore\u201d il segretario nazionale della Cgil Maurizio Landini.<\/p>\n<p>A margine dell&#8217;iniziativa, organizzata dalla Camera del Lavoro savonese per festeggiare il proprio 118^ compleanno, l&#8217;ex segretario della Fiom ha fatto il punto della situazione a pochi giorni dai due tavoli ministeriali in programma il 19 aprile (per Bombardier) e il 24 aprile (Piaggio).<\/p>\n<p>Per quanto riguarda l&#8217;azienda con sede a Vado, per Landini \u201csarebbe importante che venisse ritirata la procedura di scorporo, che prelude al rischio di uno spezzatino e di un ridimensionamento dello stabilimento. C&#8217;\u00e8 la possibilit\u00e0, e questo lo deve fare Bombardier, di assegnare al sito di Vado le commesse che erano previste. Il governo, invece, potrebbe procedere all&#8217;assegnazione di commesse, in particolare quelle per l&#8217;alta velocit\u00e0, che permetterebbero di far lavorare lo stabilimento, che ha tutte le competenze per poterlo fare\u201d.<\/p>\n<p>Sul fronte Piaggio, invece, Landini ha ribadito che si tratta di \u201cun&#8217;azienda strategica per questo paese. In particolare credo che sia importante che il governo eserciti la golden power, visto che ha la possibilit\u00e0 di farlo. Quello che serve \u00e8 un piano industriale serio: ci sono le competenze, ci sono le condizioni per poterlo fare. Credo che non sia pi\u00f9 tollerabile il continuo rinvio di decisioni che, in questo caso, spettano in prima persona al governo, che pu\u00f2 agire anche sulla base di riferimenti legislativi sfruttati negli anni passati. Questo pu\u00f2 essere fatto sia perch\u00e9 ci sono le risorse, sia perch\u00e9 ci sono le condizioni per definire un piano industriale degno di questo nome, che non disperda competenze che non sono solo del territorio ma nazionali\u201d.<\/p>\n<p>Capitolo area di crisi complessa: l&#8217;istruttoria in corso (ormai gi\u00e0 da diversi mesi) ha visto la bocciatura di quattro aziende; altre, invece, aspettano i finanziamenti necessari a partire. A questo proposito Landini ha commentato affermano che \u201cci\u00f2 conferma l&#8217;assenza di una politica industriale e della presenza di lungaggini molto forti. La gestione dell&#8217;area di crisi complessa non \u00e8 cos\u00ec solo a Savona: in Italia abbiamo diverse aree di crisi complessa per le quali sono state presentate offerte e ci sono interessi di investimento che non vengono sbloccati. Cosa che sarebbe utile in questo caso, visto che stiamo parlando di realt\u00e0 che gi\u00e0 esistono sul territorio\u201d.<\/p>\n<p>E in questo senso: \u201cE&#8217; singolare che si decreti un&#8217;area di crisi complessa per far venire nuove attivit\u00e0 e quelle che ci sono e che si potrebbero sviluppare vengano fatte saltare. Siamo di fronte ad una contraddizione. Sarebbe utile che le varie funzioni del governo, dal ministero della difesa al ministero dello sviluppo economico agli altri ministeri coinvolti, avessero un momento di confronto per ragionare sullo sviluppo del territorio e come favorirlo. Poi qui c&#8217;\u00e8 anche un problema che riguarda gli investimenti che i privati devono fare e confermare in questo impianto\u201d.<\/p>\n<p>\u201cCredo che questi elementi siano tra le ragioni che hanno portato Cgil, Cisl e Uil a manifestare a febbraio, quando dicemmo in modo molto chiaro che le politiche del governo non andavano bene. Mi pare che questa situazione sia sotto gli occhi di tutti: \u00e8 addirittura il governo stesso che conferma che ci\u00f2 che ha fatto era sbagliato e non funziona. Da questo punto di vista, nei prossimi giorni sono previste molte altre mobilitazioni, del settore metalmeccanico, della scuola, della funzione pubblica, dei pensionati, fino alla grande manifestazione che faremo nel Mezzogiorno. Non perch\u00e9 il problema sia solo nel Mezzogiorno ma perch\u00e9 il problema \u00e8 far ripartire gli investimenti. Il problema non \u00e8 che mancano le risorse, ma che manca un progetto, un&#8217;idea di paese, di sviluppo e di territorio che deve essere messa in campo. E per questo noi siamo pronti a mettere in campo ogni iniziativa: senza investimenti non difendi n\u00e9 crei nuovo lavoro\u201d.<\/p>\n","protected":false},"excerpt":{"rendered":"<p>Sull&#8217;area di crisi industriale complessa: &#8220;Sbloccare gli investimenti&#8221;<\/p>\n","protected":false},"author":12120,"featured_media":0,"comment_status":"open","ping_status":"closed","sticky":false,"template":"","format":"standard","meta":{"footnotes":""},"categories":[35,31],"tags":[4078,507,6307,58854],"class_list":["post-464540","post","type-post","status-publish","format-standard","hentry","category-economia","category-politica","tag-bombardier","tag-cgil","tag-piaggio-aero","tag-piaggio-aerospace","post_cat_citta-savona","post_tag_personaggi-maurizio-landini"],"amp_validity":null,"amp_enabled":true,"_links":{"self":[{"href":"https:\/\/staging.ivg.it\/ediapi\/wp\/v2\/posts\/464540","targetHints":{"allow":["GET"]}}],"collection":[{"href":"https:\/\/staging.ivg.it\/ediapi\/wp\/v2\/posts"}],"about":[{"href":"https:\/\/staging.ivg.it\/ediapi\/wp\/v2\/types\/post"}],"author":[{"embeddable":true,"href":"https:\/\/staging.ivg.it\/ediapi\/wp\/v2\/users\/12120"}],"replies":[{"embeddable":true,"href":"https:\/\/staging.ivg.it\/ediapi\/wp\/v2\/comments?post=464540"}],"version-history":[{"count":0,"href":"https:\/\/staging.ivg.it\/ediapi\/wp\/v2\/posts\/464540\/revisions"}],"wp:attachment":[{"href":"https:\/\/staging.ivg.it\/ediapi\/wp\/v2\/media?parent=464540"}],"wp:term":[{"taxonomy":"category","embeddable":true,"href":"https:\/\/staging.ivg.it\/ediapi\/wp\/v2\/categories?post=464540"},{"taxonomy":"post_tag","embeddable":true,"href":"https:\/\/staging.ivg.it\/ediapi\/wp\/v2\/tags?post=464540"}],"curies":[{"name":"wp","href":"https:\/\/api.w.org\/{rel}","templated":true}]}}