{"id":464201,"date":"2019-04-12T14:25:12","date_gmt":"2019-04-12T12:25:12","guid":{"rendered":"http:\/\/www.ivg.it\/?p=464201"},"modified":"2019-04-12T14:25:55","modified_gmt":"2019-04-12T12:25:55","slug":"rally-di-sanremo-le-modifiche-al-servizio-bus-tra-il-passo-del-ginestro-testico-e-stellanello","status":"publish","type":"post","link":"https:\/\/staging.ivg.it\/2019\/04\/rally-di-sanremo-le-modifiche-al-servizio-bus-tra-il-passo-del-ginestro-testico-e-stellanello\/","title":{"rendered":"Rally di Sanremo: le modifiche al servizio bus tra il Passo del Ginestro, Testico e Stellanello"},"content":{"rendered":"<p><strong>Savona.<\/strong> Sabato 13 aprile nel tratto della Sp13 compreso tra il Passo del Ginestro, Testico e Stellanello si correr\u00e0 una prova del Rally di Sanremo. Per questo motivo la strada sar\u00e0 chiusa al traffico veicolare e di conseguenza saranno apportate le seguenti modifiche al servizio dei bus di Tpl Linea.<\/p>\n<p>In particolare: tutte le corse della linea 93 sia in andata sia in ritorno non transiteranno nel tratto San Damiano-Testico-Stellanello ed effettueranno partenza e arrivo a Stellanello rispettando gli orari di transito previsti. Inoltre, le corse della linea 92 non raggiungeranno la localit\u00e0 di Ginestro ed effettueranno capolinea presso il deposito provinciale posto a circa 500 metri dalla chiesa di Testico.<\/p>\n<p>Per ulteriori informazioni \u00e8 possibile contattare il numero 0192201231 (attivo nei giorni feriali dal luned\u00ec al venerd\u00ec dalle 7.15 alle 17.30 e il sabato dalle 7.15 alle 13) e il sito internet all\u2019indirizzo www.tpllinea.it.<\/p>\n","protected":false},"excerpt":{"rendered":"<p>Sabato 13 aprile sulla Sp13<\/p>\n","protected":false},"author":12120,"featured_media":0,"comment_status":"open","ping_status":"closed","sticky":false,"template":"","format":"standard","meta":{"footnotes":""},"categories":[45296,56],"tags":[83348,15271],"class_list":["post-464201","post","type-post","status-publish","format-standard","hentry","category-copertina","category-altre","tag-rally-di-sanremo","tag-tpl-linea","post_cat_citta-stellanello","post_cat_citta-testico"],"amp_validity":null,"amp_enabled":true,"_links":{"self":[{"href":"https:\/\/staging.ivg.it\/ediapi\/wp\/v2\/posts\/464201","targetHints":{"allow":["GET"]}}],"collection":[{"href":"https:\/\/staging.ivg.it\/ediapi\/wp\/v2\/posts"}],"about":[{"href":"https:\/\/staging.ivg.it\/ediapi\/wp\/v2\/types\/post"}],"author":[{"embeddable":true,"href":"https:\/\/staging.ivg.it\/ediapi\/wp\/v2\/users\/12120"}],"replies":[{"embeddable":true,"href":"https:\/\/staging.ivg.it\/ediapi\/wp\/v2\/comments?post=464201"}],"version-history":[{"count":0,"href":"https:\/\/staging.ivg.it\/ediapi\/wp\/v2\/posts\/464201\/revisions"}],"wp:attachment":[{"href":"https:\/\/staging.ivg.it\/ediapi\/wp\/v2\/media?parent=464201"}],"wp:term":[{"taxonomy":"category","embeddable":true,"href":"https:\/\/staging.ivg.it\/ediapi\/wp\/v2\/categories?post=464201"},{"taxonomy":"post_tag","embeddable":true,"href":"https:\/\/staging.ivg.it\/ediapi\/wp\/v2\/tags?post=464201"}],"curies":[{"name":"wp","href":"https:\/\/api.w.org\/{rel}","templated":true}]}}