{"id":46384,"date":"2009-01-09T18:23:03","date_gmt":"2009-01-09T17:23:03","guid":{"rendered":"http:\/\/www.ivg.it\/2009\/01\/09\/coldiretti-ecco-la-nuova-giunta-provinciale\/"},"modified":"2009-01-10T12:32:55","modified_gmt":"2009-01-10T11:32:55","slug":"coldiretti-ecco-la-nuova-giunta-provinciale","status":"publish","type":"post","link":"https:\/\/staging.ivg.it\/2009\/01\/coldiretti-ecco-la-nuova-giunta-provinciale\/","title":{"rendered":"Coldiretti: ecco la nuova giunta provinciale"},"content":{"rendered":"<p><strong>[thumb:10025:l]Finale Ligure.<\/strong> Nuova giunta provinciale per la Coldiretti savonese, al termine dei lavori di rinnovo degli organi societari con la riunione del Consiglio direttivo avvenuta ieri sera a Finale Ligure. A presidere la giunta sar\u00e0 il presidente provinciale Paolo Calcagno.<\/p>\n<p>La giunta, che rester\u00e0 incarica 4 anni, \u00e8 l&#8217;organo esecutivo della Coldiretti di Savona ed opera con competenze delegate dal Consiglio Direttivo. Segretario ne \u00e8 il Direttore Marco Allaria Olivieri. Trai i suoi  principali compiti: eseguire le delibere del Consiglio Direttivo e designare i rappresentanti della Coldiretti negli organismi di rappresentanza sul territorio provinciale.<\/p>\n<p>&#8220;Il Consiglio Direttivo &#8211; afferma il neopresidente Paolo Calcagno &#8211; nell&#8217;individuare i componenti della giunta ha seguito un criterio che tenesse conto, oltre che delle capacit\u00e0 professionali in vari campi, anche di una rappresentativit\u00e0 di tutti e quattro i comprensori della provincia (Albenganese, Finalese, Savonese, Val Bormida)&#8221;<\/p>\n<p>La neo giunta \u00e8 cos\u00ec composta: Claudio Elena Ambrogio, Eugenio Icardo, Martino Bolla, Bruno Berra, Michele Lanuara e Pierluigi Cesio. Fanno parte della giunta anche i rappresentanti dei movimenti: per i Pensionati Francesco Zunino, per Donne-Impresa Maria Grazia Berruti e per Giovani-Impresa Alessio Roba.<\/p>\n","protected":false},"excerpt":{"rendered":"<p>[thumb:10025:l]Finale Ligure. Nuova giunta provinciale per la Coldiretti savonese, al termine dei lavori di rinnovo degli organi societari con la riunione del Consiglio direttivo avvenuta ieri sera a Finale Ligure. A presidere la giunta sar\u00e0 il presidente provinciale Paolo Calcagno. La giunta, che rester\u00e0 incarica 4 anni, \u00e8 l&#8217;organo esecutivo della Coldiretti di Savona ed [&hellip;]<\/p>\n","protected":false},"author":4,"featured_media":0,"comment_status":"open","ping_status":"closed","sticky":false,"template":"","format":"standard","meta":{"footnotes":""},"categories":[35],"tags":[1664,85844,5700],"class_list":["post-46384","post","type-post","status-publish","format-standard","hentry","category-economia","tag-coldiretti","tag-finale-ligure","tag-paolo-calcagno","post_cat_citta-andora","post_cat_citta-finale-ligure","post_cat_citta-savona"],"amp_validity":null,"amp_enabled":true,"_links":{"self":[{"href":"https:\/\/staging.ivg.it\/ediapi\/wp\/v2\/posts\/46384","targetHints":{"allow":["GET"]}}],"collection":[{"href":"https:\/\/staging.ivg.it\/ediapi\/wp\/v2\/posts"}],"about":[{"href":"https:\/\/staging.ivg.it\/ediapi\/wp\/v2\/types\/post"}],"author":[{"embeddable":true,"href":"https:\/\/staging.ivg.it\/ediapi\/wp\/v2\/users\/4"}],"replies":[{"embeddable":true,"href":"https:\/\/staging.ivg.it\/ediapi\/wp\/v2\/comments?post=46384"}],"version-history":[{"count":0,"href":"https:\/\/staging.ivg.it\/ediapi\/wp\/v2\/posts\/46384\/revisions"}],"wp:attachment":[{"href":"https:\/\/staging.ivg.it\/ediapi\/wp\/v2\/media?parent=46384"}],"wp:term":[{"taxonomy":"category","embeddable":true,"href":"https:\/\/staging.ivg.it\/ediapi\/wp\/v2\/categories?post=46384"},{"taxonomy":"post_tag","embeddable":true,"href":"https:\/\/staging.ivg.it\/ediapi\/wp\/v2\/tags?post=46384"}],"curies":[{"name":"wp","href":"https:\/\/api.w.org\/{rel}","templated":true}]}}