{"id":463838,"date":"2019-04-09T13:07:40","date_gmt":"2019-04-09T11:07:40","guid":{"rendered":"http:\/\/www.ivg.it\/?p=463838"},"modified":"2019-04-09T13:46:25","modified_gmt":"2019-04-09T11:46:25","slug":"dalle-idee-e-dalla-passione-di-nove-ragazzi-del-territorio-nasce-aga-associazione-giovani-alassio","status":"publish","type":"post","link":"https:\/\/staging.ivg.it\/2019\/04\/dalle-idee-e-dalla-passione-di-nove-ragazzi-del-territorio-nasce-aga-associazione-giovani-alassio\/","title":{"rendered":"Dalle idee e dalla passione di nove ragazzi del territorio nasce Aga &#8211; Associazione Giovani Alassio"},"content":{"rendered":"<p><strong>Alassio.<\/strong> Giacomo Aicardi (presidente), Matteo Ballarini (vicepresidente) e poi ancora Noemi Montin, Luchino Melgrati, Greta Mascheretti, Alice Garibaldi, Iacopo Ciabini, Rachele Nappi e Aurora Moncheroni.<\/p>\n<p>Sono questi i nomi dei \u201cfantastici nove\u201d che oggi compongono il direttivo della neonata Aga-Associazione Giovani Alassio, frutto delle loro idee, della loro passione e della voglia di migliorare e far crescere il territorio.<\/p>\n<p>\u201cL\u2019idea era quella di creare un\u2019associazione, un gruppo che potesse rimanere nel tempo per dare possibilit\u00e0 ai giovani di praticare le proprie passioni, conoscersi, aprirsi al mondo della societ\u00e0 attuale e riunirsi, &#8211; ha spiegato il presidente dell\u2019associazione Aicardi. &#8211; Per questo \u00e8 nata Aga, grazie alla fattiva collaborazione del Comune e di Alassio e, in particolare, del sindaco Marco Melgrati e dell\u2019assessore Fabio Macheda\u201d.<\/p>\n<div class=\"single-img-content-container fullwidth-single shortcode standard\">\n    <div class=\"image_container\" style=\"text-align: center;\">\n        <picture class=\" lazyload\"><img loading=\"lazy\" class=\"lazy\" data-srcset=\"https:\/\/www.ivg.it\/photogallery_new\/images\/2019\/04\/logo-associazione-giovani-alassio-542596.jpg 1024w, https:\/\/www.ivg.it\/photogallery_new\/images\/2019\/04\/logo-associazione-giovani-alassio-542596.jpg 970w, https:\/\/www.ivg.it\/photogallery_new\/images\/2019\/04\/logo-associazione-giovani-alassio-542596.jpg 660w, https:\/\/www.ivg.it\/photogallery_new\/images\/2019\/04\/logo-associazione-giovani-alassio-542596.jpg 316w, https:\/\/www.ivg.it\/photogallery_new\/images\/2019\/04\/logo-associazione-giovani-alassio-542596.jpg 150w\"  data-src=\"https:\/\/www.ivg.it\/photogallery_new\/images\/2019\/04\/logo-associazione-giovani-alassio-542596.jpg\" alt=\"Logo associazione giovani alassio\" \/><\/picture>\r\n\n    <\/div>\n    <\/div>\n\n<p>\u201cNon vogliamo puntare solo sull\u2019organizzazione di feste, che saranno comunque un punto cardine del nostro operato, ma anche e soprattutto sensibilizzare i giovani su aspetti sportivo-culturali. Non siamo nati per essere una realt\u00e0 a se stante, ma per collaborare con tutte le realt\u00e0 ed associazioni gi\u00e0 esistenti sul territorio\u201d.<\/p>\n<p>Un\u2019associazione nata dai giovani, per i giovani e formata da giovani: nello statuto, ad esempio, tra le regole principali c\u2019\u00e8 il limite di et\u00e0 (tra i 18 e i 25 anni) per far parte del direttivo. E lo scopo delle iniziative che saranno messe in campo sar\u00e0 anche benefico-solidale.<\/p>\n<p>\u201cStiamo cercando dei allacciare contatti con realt\u00e0 benefiche del territorio e a breve speriamo di poter annunciare un primo \u2018gemellaggio\u2019 con l\u2019associazione onlus Basta Poco, il cui operato \u00e8 di esempio per tutti, &#8211; ha proseguito Aicardi. &#8211; E a nostra volta noi vorremmo diventare esempio positivo per altri giovani del territorio, che magari decideranno di seguirci ed emulare questa iniziativa\u201d.<\/p>\n<p>\u201cNelle prossime settimane apriremo ufficialmente le iscrizioni, che saranno rivolte a tutti i ragazzi, non solo di Alassio. A chi aderir\u00e0 sar\u00e0 consegnata una tessera, che prevedr\u00e0 sconti a agevolazioni presso alcuni sponsor in via di definizione, e avr\u00e0 un costo di una decina di euro l\u2019anno\u201d.<\/p>\n<p>E c\u2019\u00e8 gi\u00e0 una prima iniziativa in cantiere, come ha spiegato Airaldi: \u201cL\u2019idea \u00e8 quella di organizzare una partita di calcio tra gli alunni del liceo Giordano Bruno e quelli del Don Bosco di Alassio. La data a cui avevamo pensato \u00e8 quella del 26 aprile 2019 e vorremmo poi devolvere parte dell\u2019incasso a Basta Poco onlus\u201d.<\/p>\n","protected":false},"excerpt":{"rendered":"<p>A breve si apriranno le iscrizioni alla neonata associazione. Prima iniziativa: una partita di calcio a scopo benefico<\/p>\n","protected":false},"author":18599,"featured_media":0,"comment_status":"open","ping_status":"closed","sticky":false,"template":"","format":"standard","meta":{"footnotes":""},"categories":[45296,56],"tags":[106891,36434,13556],"class_list":["post-463838","post","type-post","status-publish","format-standard","hentry","category-copertina","category-altre","tag-associazione-giovani-alassio","tag-basta-poco-onlus","tag-comune-di-alassio","post_cat_citta-alassio","post_tag_personaggi-giacomo-aicardi"],"amp_validity":null,"amp_enabled":true,"_links":{"self":[{"href":"https:\/\/staging.ivg.it\/ediapi\/wp\/v2\/posts\/463838","targetHints":{"allow":["GET"]}}],"collection":[{"href":"https:\/\/staging.ivg.it\/ediapi\/wp\/v2\/posts"}],"about":[{"href":"https:\/\/staging.ivg.it\/ediapi\/wp\/v2\/types\/post"}],"author":[{"embeddable":true,"href":"https:\/\/staging.ivg.it\/ediapi\/wp\/v2\/users\/18599"}],"replies":[{"embeddable":true,"href":"https:\/\/staging.ivg.it\/ediapi\/wp\/v2\/comments?post=463838"}],"version-history":[{"count":0,"href":"https:\/\/staging.ivg.it\/ediapi\/wp\/v2\/posts\/463838\/revisions"}],"wp:attachment":[{"href":"https:\/\/staging.ivg.it\/ediapi\/wp\/v2\/media?parent=463838"}],"wp:term":[{"taxonomy":"category","embeddable":true,"href":"https:\/\/staging.ivg.it\/ediapi\/wp\/v2\/categories?post=463838"},{"taxonomy":"post_tag","embeddable":true,"href":"https:\/\/staging.ivg.it\/ediapi\/wp\/v2\/tags?post=463838"}],"curies":[{"name":"wp","href":"https:\/\/api.w.org\/{rel}","templated":true}]}}