{"id":463475,"date":"2019-04-05T09:40:33","date_gmt":"2019-04-05T07:40:33","guid":{"rendered":"http:\/\/www.ivg.it\/?p=463475"},"modified":"2019-04-05T09:40:33","modified_gmt":"2019-04-05T07:40:33","slug":"spacciava-carta-stagnola-la-municipale-interviene-per-un-controllo-e-lui-si-scaglia-contro-gli-agenti-arrestato","status":"publish","type":"post","link":"https:\/\/staging.ivg.it\/2019\/04\/spacciava-carta-stagnola-la-municipale-interviene-per-un-controllo-e-lui-si-scaglia-contro-gli-agenti-arrestato\/","title":{"rendered":"&#8220;Spacciava&#8221; carta stagnola, la municipale interviene per un controllo e lui si scaglia contro gli agenti: arrestato"},"content":{"rendered":"<p><strong>Albenga<\/strong>. Resistenza, violenza e minaccia a pubblico ufficiale. Sono le accuse delle quali deve rispondere un cittadino marocchino, M.M., nato nel 1992, che ieri sera \u00e8 stato arrestato dalla polizia municipale tra piazza del Popolo e via Trento.<\/p>\n<p>Lo straniero \u00e8 stato sorpreso dagli agenti mentre apparentemente cedeva una dose di droga ad un acquirente e cos\u00ec \u00e8 scattato un controllo. Alla vista delle divise, per\u00f2, il ventisettenne ha reagito con violenza: prima ha colpito un vigile con una testata e poi ha sferrato calci e pugni arrivando anche a lanciar una bicicletta.<\/p>\n<p>Al marocchino non \u00e8 stato contestato nessun reato connesso alla detenzione e alla cessione di stupefacenti perch\u00e9 gli involucri che gli sono stati sequestrati erano vuoti: si trattava soltanto di stagnola appallottolata (probabilmente era un escamotage per raggirare ignari acquirenti). Lo straniero sar\u00e0 processato per direttissima questa mattina.<\/p>\n","protected":false},"excerpt":{"rendered":"<p>In manette \u00e8 finito un marocchino di 27 anni che sar\u00e0 processato per direttissima per resistenza a pubblico ufficiale: il suo atteggiamento ha insospettito gli agenti<\/p>\n","protected":false},"author":2394,"featured_media":0,"comment_status":"open","ping_status":"closed","sticky":false,"template":"","format":"standard","meta":{"footnotes":""},"categories":[34],"tags":[6496],"class_list":["post-463475","post","type-post","status-publish","format-standard","hentry","category-cronaca","tag-resistenza-a-pubblico-ufficiale","post_cat_citta-albenga"],"amp_validity":null,"amp_enabled":true,"_links":{"self":[{"href":"https:\/\/staging.ivg.it\/ediapi\/wp\/v2\/posts\/463475","targetHints":{"allow":["GET"]}}],"collection":[{"href":"https:\/\/staging.ivg.it\/ediapi\/wp\/v2\/posts"}],"about":[{"href":"https:\/\/staging.ivg.it\/ediapi\/wp\/v2\/types\/post"}],"author":[{"embeddable":true,"href":"https:\/\/staging.ivg.it\/ediapi\/wp\/v2\/users\/2394"}],"replies":[{"embeddable":true,"href":"https:\/\/staging.ivg.it\/ediapi\/wp\/v2\/comments?post=463475"}],"version-history":[{"count":0,"href":"https:\/\/staging.ivg.it\/ediapi\/wp\/v2\/posts\/463475\/revisions"}],"wp:attachment":[{"href":"https:\/\/staging.ivg.it\/ediapi\/wp\/v2\/media?parent=463475"}],"wp:term":[{"taxonomy":"category","embeddable":true,"href":"https:\/\/staging.ivg.it\/ediapi\/wp\/v2\/categories?post=463475"},{"taxonomy":"post_tag","embeddable":true,"href":"https:\/\/staging.ivg.it\/ediapi\/wp\/v2\/tags?post=463475"}],"curies":[{"name":"wp","href":"https:\/\/api.w.org\/{rel}","templated":true}]}}