{"id":463069,"date":"2019-04-01T13:28:09","date_gmt":"2019-04-01T11:28:09","guid":{"rendered":"http:\/\/www.ivg.it\/?p=463069"},"modified":"2019-04-01T13:30:46","modified_gmt":"2019-04-01T11:30:46","slug":"loano-aderisce-a-match-sport-contro-il-razzismo-e-la-discriminazione-nello-sport-amatoriale","status":"publish","type":"post","link":"https:\/\/staging.ivg.it\/2019\/04\/loano-aderisce-a-match-sport-contro-il-razzismo-e-la-discriminazione-nello-sport-amatoriale\/","title":{"rendered":"Loano aderisce a \u201cMatch Sport\u201d contro il razzismo e la discriminazione nello sport amatoriale"},"content":{"rendered":"<p><strong>Loano.<\/strong> Migliorare la sicurezza delle citt\u00e0 <strong>eliminando la violenza, il razzismo e la discriminazione nello sport.<\/strong> E&#8217; questo lo scopo del <strong>progetto europeo \u201cMatch Sport &#8211; Rendere tollerante lo sport amatoriale eliminando il razzismo e la discriminazione\u201d<\/strong> a cui il Comune di Loano ha aderito attraverso il programma Erasmus+Sport.<\/p>\n<p>Capofila del progetto \u00e8 il Forum Europeo della Sicurezza Urbana, rete europea di 250 enti locali fondata a Barcellona nel 1987 e sostenuta dal Consiglio d&#8217;Europa. L&#8217;obiettivo della rete Fesu (Efus) \u00e8<strong> rafforzare le politiche volte alla riduzione della criminalit\u00e0 e promuovere il ruolo degli amministratori locali all&#8217;interno delle stesse politiche,<\/strong> nazionali ed europee, attraverso progetti di prevenzione sociale, lotta alle discriminazioni e attivit\u00e0 a favore dei diritti umani.<\/p>\n<p>L&#8217;incontro di lancio del progetto \u201cMatch Sport\u201d si \u00e8 svolt<strong>o marted\u00ec 26 e mercoled\u00ec 27 febbraio a Parigi:<\/strong> all&#8217;incontro ha preso parte, in rappresentanza del Comune di Loano, il comandante della polizia municipale <strong>Gianluigi Soro<\/strong>. L&#8217;iniziativa esplora un aspetto particolarmente preoccupante: l&#8217;emersione e l&#8217;aumento di fenomeni di violenza durante manifestazioni e attivit\u00e0 sportive amatoriali.<\/p>\n<p>Sempre pi\u00f9 spesso si verificano episodi di razzismo e xenofobia nei campi di calcio (e non solo) delle serie minori e dilettantistiche, di comportamenti violenti da parte dei genitori che assistono alle attivit\u00e0 dei loro figli e di forme di discriminazione. Alla luce di questa situazione, <strong>si rende fortemente necessario sviluppare strumenti di contrasto, formazione e sensibilizzazione nei confronti di tali problematiche.<\/strong><\/p>\n<p>In questo senso<strong>, le societ\u00e0 sportive possono giocare un ruolo da protagoniste nella realizzazione del progetto \u201cMatch Sport\u201d.<\/strong> Ci\u00f2 specialmente a Loano, che pu\u00f2 contare su ben 3.500 atleti su una popolazione di circa 12 mila persone. \u201c<strong>A livello sportivo<\/strong> &#8211; ricorda il sindaco <strong>Luigi Pignocca<\/strong> &#8211;<strong> la violenza non riguarda solo lo sport professionistico ed i grandi eventi con molta copertura mediatica, ma si manifesta anche nello sport amatoriale.<\/strong> In questo campo, gli incidenti sono spesso legati a provocazioni che incitano all&#8217;odio e violenza discriminatoria che arrivano da altri sportivi, dai dirigenti o addirittura dai genitori. <strong>Questo problema \u00e8 tanto pi\u00f9 grave quando si verifica tra i giovani, che invece dallo sport dovrebbero apprendere quei valori di rispetto, tolleranza ed uguaglianza propri di ogni buon cittadino<\/strong>\u201d.<\/p>\n<p>\u201c<strong>Lo sport amatoriale pu\u00f2 incoraggiare il cambiamento sociale e l&#8217;inclusione tra bambini, giovani e i loro genitori. Come Citt\u00e0 Europa dello Sport<\/strong> &#8211; prosegue Pignocca &#8211;<strong> ci sembra doveroso farci parte attiva e promuovere iniziative volte a ribadire il ruolo educativo e di prevenzione della pratica sportiva<\/strong>. Da qui la nostra scelta di aderire al progetto dell&#8217;European Forum for Urban Security, il cui obiettivo primario \u00e8 analizzare il fenomeno della violenza (in particolare quella discriminatoria) e offrire formazione e supporto alle autorit\u00e0 locali e ai club sportivi che desiderano agire contro la violenza discriminatoria con il supporto dei genitori, che spesso operano come volontari all&#8217;interno delle stesse associazioni sportive\u201d.<\/p>\n<p>Nella prima fase,<strong> il progetto vedr\u00e0 protagoniste prima di tutto le associazioni sportive dilettantistiche del territorio, le quali saranno coinvolte in programmi per contrastare e prevenire la violenza discriminatoria nello sport dilettantistico<\/strong> con il coinvolgimento di genitori volontari. Dal canto loro, le amministrazioni locali potranno rafforzare la loro partnership locale per migliorare il monitoraggio del fenomeno e acquisire conoscenze attraverso nuovi metodi e strumenti e con un approccio integrato e multisettoriale.<\/p>\n<p>Gli obiettivi del progetto \u201cMatch Sport\u201d sono molteplici: prima di tutto<strong> sviluppare o rafforzare programmi per contrastare e prevenire la violenza nello sport amatoriale<\/strong>; ci\u00f2 al fine di aiutare le autorit\u00e0 locali a conoscere meglio le strategie di violenza e prevenzione e responsabilizzare i partner locali fornendo loro strumenti appropriati e adeguati per rispondere con un approccio integrato e multisettoriale al problema, in quanto spesso non sono attrezzati per affrontarlo; non ultimo,<strong> esaminare la misura in cui la discriminazione di genere motiva gli incidenti violenti nello sport amatoriale e se ha un impatto sul volontariato.<\/strong><\/p>\n","protected":false},"excerpt":{"rendered":"<p>Il sindaco Pignocca: &#8220;Doveroso farci parte attiva e promuovere iniziative volte a ribadire il ruolo educativo e di prevenzione della pratica sportiva&#8221;<\/p>\n","protected":false},"author":18,"featured_media":0,"comment_status":"open","ping_status":"closed","sticky":false,"template":"","format":"standard","meta":{"footnotes":""},"categories":[45296,32],"tags":[106728,106729],"class_list":["post-463069","post","type-post","status-publish","format-standard","hentry","category-copertina","category-sport","tag-match-sport","tag-sport-amatoriale","post_cat_citta-loano","post_tag_personaggi-luigi-pignocca"],"amp_validity":null,"amp_enabled":true,"_links":{"self":[{"href":"https:\/\/staging.ivg.it\/ediapi\/wp\/v2\/posts\/463069","targetHints":{"allow":["GET"]}}],"collection":[{"href":"https:\/\/staging.ivg.it\/ediapi\/wp\/v2\/posts"}],"about":[{"href":"https:\/\/staging.ivg.it\/ediapi\/wp\/v2\/types\/post"}],"author":[{"embeddable":true,"href":"https:\/\/staging.ivg.it\/ediapi\/wp\/v2\/users\/18"}],"replies":[{"embeddable":true,"href":"https:\/\/staging.ivg.it\/ediapi\/wp\/v2\/comments?post=463069"}],"version-history":[{"count":0,"href":"https:\/\/staging.ivg.it\/ediapi\/wp\/v2\/posts\/463069\/revisions"}],"wp:attachment":[{"href":"https:\/\/staging.ivg.it\/ediapi\/wp\/v2\/media?parent=463069"}],"wp:term":[{"taxonomy":"category","embeddable":true,"href":"https:\/\/staging.ivg.it\/ediapi\/wp\/v2\/categories?post=463069"},{"taxonomy":"post_tag","embeddable":true,"href":"https:\/\/staging.ivg.it\/ediapi\/wp\/v2\/tags?post=463069"}],"curies":[{"name":"wp","href":"https:\/\/api.w.org\/{rel}","templated":true}]}}