{"id":462478,"date":"2019-03-25T15:27:26","date_gmt":"2019-03-25T14:27:26","guid":{"rendered":"http:\/\/www.ivg.it\/?p=462478"},"modified":"2019-03-25T15:27:26","modified_gmt":"2019-03-25T14:27:26","slug":"liguria-lombardia-e-piemonte-siglato-lintesa-per-favorire-il-trasporto-merci-ferroviario","status":"publish","type":"post","link":"https:\/\/staging.ivg.it\/2019\/03\/liguria-lombardia-e-piemonte-siglato-lintesa-per-favorire-il-trasporto-merci-ferroviario\/","title":{"rendered":"Liguria, Lombardia e Piemonte: siglato l\u2019intesa per favorire il trasporto merci ferroviario"},"content":{"rendered":"<p><strong>Regione.<\/strong> In occasione degli Stati Generali della Logistica, svoltisi a Milano lo scorso 15 marzo, \u00e8 stato approvato un protocollo d&#8217;intesa per l&#8217;istituzione di un tavolo di concertazione permanente per il miglioramento delle condizioni del trasporto merci ferroviario sulla rete delle Regioni del Nord Ovest, tra le Regioni Liguria, Lombardia, Piemonte, Rete Ferroviaria Italiana, Ferrovie Nord Milano e Ministero delle Infrastrutture e dei Trasporti.<\/p>\n<p>Questo protocollo rappresenta l&#8217;evoluzione di quello approvato nell&#8217;ottobre 2017, che estende i lavori di condivisione e monitoraggio delle opere al Ministero e istituisce momenti di confronto con il sistema portuale ligure e le imprese ferroviarie.<\/p>\n<p>L&#8217;obiettivo del provvedimento \u00e8 perseguire una strategia condivisa per lo sviluppo di ogni azione che faciliti, semplifichi, potenzi e renda economicamente competitivo il sistema logistico, l&#8217;incremento del traffico merci su ferrovia, la sostenibilit\u00e0 dell&#8217;autotrasporto, lo sviluppo economico e l&#8217;occupazione, senza creare conflitti con il trasporto dei pendolari e con il sistema turistico.<\/p>\n<p>Sempre nel corso degli Stati Generali della Logistica di Milano \u00e8 stata approvata una dichiarazione congiunta per consolidare il confronto con i soggetti interessati del settore logistica e trasporto merci e per la presentazione condivisa di istanze strategiche al Governo riguardanti il sistema logistico del Nord Ovest, che prevede di istituire e rendere permanenti tre tavoli di confronto: &#8220;Intermodalit\u00e0 e trasporto merci&#8221;, &#8220;Nuova logistica per il lavoro, lo sviluppo e la competitivit\u00e0 economica&#8221; e &#8220;Portualit\u00e0 marittima, connessioni ai porti e ottimizzazione dell&#8217;operativit\u00e0 e dei controlli\u201d.<\/p>\n","protected":false},"excerpt":{"rendered":"<p>Il protocollo \u00e8 stato siglato In occasione degli Stati Generali della Logistica, svoltisi a Milano lo scorso 15 marzo 2019<\/p>\n","protected":false},"author":18599,"featured_media":0,"comment_status":"open","ping_status":"closed","sticky":false,"template":"","format":"standard","meta":{"footnotes":""},"categories":[35],"tags":[12239,223,106580],"class_list":["post-462478","post","type-post","status-publish","format-standard","hentry","category-economia","tag-intesa","tag-regione-liguria","tag-trasporto-merci-ferroviario"],"amp_validity":null,"amp_enabled":true,"_links":{"self":[{"href":"https:\/\/staging.ivg.it\/ediapi\/wp\/v2\/posts\/462478","targetHints":{"allow":["GET"]}}],"collection":[{"href":"https:\/\/staging.ivg.it\/ediapi\/wp\/v2\/posts"}],"about":[{"href":"https:\/\/staging.ivg.it\/ediapi\/wp\/v2\/types\/post"}],"author":[{"embeddable":true,"href":"https:\/\/staging.ivg.it\/ediapi\/wp\/v2\/users\/18599"}],"replies":[{"embeddable":true,"href":"https:\/\/staging.ivg.it\/ediapi\/wp\/v2\/comments?post=462478"}],"version-history":[{"count":0,"href":"https:\/\/staging.ivg.it\/ediapi\/wp\/v2\/posts\/462478\/revisions"}],"wp:attachment":[{"href":"https:\/\/staging.ivg.it\/ediapi\/wp\/v2\/media?parent=462478"}],"wp:term":[{"taxonomy":"category","embeddable":true,"href":"https:\/\/staging.ivg.it\/ediapi\/wp\/v2\/categories?post=462478"},{"taxonomy":"post_tag","embeddable":true,"href":"https:\/\/staging.ivg.it\/ediapi\/wp\/v2\/tags?post=462478"}],"curies":[{"name":"wp","href":"https:\/\/api.w.org\/{rel}","templated":true}]}}