{"id":462052,"date":"2019-03-20T14:58:07","date_gmt":"2019-03-20T13:58:07","guid":{"rendered":"http:\/\/www.ivg.it\/?p=462052"},"modified":"2019-03-20T15:05:28","modified_gmt":"2019-03-20T14:05:28","slug":"amianto-tosi-m5s-necessario-un-censimento-completo-a-livello-regionale","status":"publish","type":"post","link":"https:\/\/staging.ivg.it\/2019\/03\/amianto-tosi-m5s-necessario-un-censimento-completo-a-livello-regionale\/","title":{"rendered":"Amianto, Tosi (M5S): &#8220;Necessario un censimento completo a livello regionale&#8221;"},"content":{"rendered":"<p><strong>Liguria.<\/strong> &#8220;Con cadenza ormai quotidiana, le cronache regionali parlano della presenza di amianto in edifici, cantieri e porti. Stando al VI Rapporto redatto dall&#8217;INAIL, &#8220;Registro Nazionale dei Mesoteliomi&#8221; anno 2018, i dati relativi alla nostra Regione sono allarmanti&#8221;. Lo dichiara il consigliere regionale Fabio Tosi, primo firmatario di una mozione, sottoscritta dai colleghi di Gruppo e calendarizzata per la seduta consiliare di ieri ma la cui discussione \u00e8 stata rimandata.<\/p>\n<p>&#8220;La Liguria, infatti, a livello nazionale, risulta la terza dopo Lombardia e Piemonte per esposizione definita e COR (Centro Operativo regionale) di segnalazione: i casi rilevati di mesoteliomi asbesto-correlati sono 2.889; abbiamo un&#8217;altissima incidenza di casi in 3 province su 4 (in ordine decrescente, La Spezia, Genova e Savona); \u00e8 stata evidenziata una correlazione in particolare con esposizioni dirette e indirette (percentuale di esposizione definita: 78,9%) in cantieri edili e navali, nelle movimentazioni delle merci in ambito portuale e nei trasporti marittimi, cos\u00ec come nelle industrie chimiche e nelle raffinerie di petrolio, negli impianti metallurgici, nelle acciaierie e nelle industrie termoelettriche. Un elevato numero di casi di mesoteliomi \u00e8 stato persino documentato tra le compagne (mogli e fidanzate conviventi) dei lavoratori esposti, che 40-50 anni fa avevano pulito i loro indumenti professionali &#8211; aggiunge Tosi -. Un dramma nel dramma e il mesotelioma, si sa, \u00e8 un killer silenzioso e inarrestabile!&#8221;.<\/p>\n<p>&#8220;Quel che \u00e8 stato, purtroppo, \u00e8 stato. Ora per\u00f2 dobbiamo trovare una via maestra per affrontare quella che \u00e8, secondo noi, un&#8217;emergenza cui dobbiamo assolutamente trovare una soluzione: serve, con somma urgenza, un monitoraggio capillare e approfondito del nostro territorio, con aggiornamenti puntuali e attendibili &#8211; dichiara il consigliere -: stando al software inizialmente predisposto dalla Regione, infatti, siamo fermi al 2001! Il sistema con cui \u00e8 stato programmato, inoltre, non permette ulteriori aggiornamenti. Ragion per cui, negli anni, le schede cartacee di autonotifica e aggiornamento giunte alle ASL sono rimaste negli archivi, in attesa che il contenuto venisse trasferito su supporto informatico idoneo. Questa situazione fa s\u00ec che sia molto difficile allo stato attuale poter estrarre dati e ottenere una precisa panoramica aggiornata nel tempo e, di conseguenza, impostare le successive azioni di intervento per la salute e la tutela della popolazione&#8221;.<\/p>\n<p>&#8220;L&#8217;Ente regionale sa bene quanto sia vitale e improcrastinabile far fronte alla situazione, innanzitutto partendo da un censimento, ex novo, sull&#8217;attuale presenza di amianto nella nostra Regione, questa volta organizzato con un sistema di completa informatizzazione del sistema di gestione delle schede di autonotifica e di aggiornamento; innovazione che deve necessariamente riguardare anche gli adempimenti cui sono soggette le imprese, predisponendo anche in questo caso software idonei a essere costantemente aggiornati nel tempo&#8221;.<\/p>\n<p>&#8220;Altra emergenza riguarda l&#8217;implementazione, nelle Asl, dell&#8217;organico addetto agli accertamenti ispettivi sulla base di segnalazioni\/esposti e agli accertamenti analitici sul materiale, organico che attualmente risulta insufficiente a far fronte alle migliaia di segnalazioni che arrivano presso gli uffici sanitari&#8221;, raccomanda Tosi.<\/p>\n<p>&#8220;Improcrastinabile infine \u00e8 la costituzione della Commissione regionale Amianto, che ha tra le sue funzioni anche la verifica e il controllo dell&#8217;andamento epidemiologico delle patologie asbesto-correlate&#8221;.<\/p>\n<p>&#8220;Poich\u00e9 nulla di tutto ci\u00f2 \u00e8 stato ancora fatto, la nostra mozione vuole impegnare la Giunta affinch\u00e9: predisponga con assoluta priorit\u00e0 un censimento ex novo, con la completa e corretta informatizzazione del sistema; provveda urgentemente all&#8217;implementazione dell&#8217;organico tecnico all&#8217;interno della S.C. Igiene e Sanit\u00e0 delle ASL liguri; e istituisca la Commissione Regionale Amianto presso l&#8217;Assessorato alla Salute, come previsto dalla l.r. 5\/2009 (&#8220;Norme per la prevenzione dei danni e dei rischi derivanti dalla presenza di amianto, per le bonifiche e per lo smaltimento&#8221;)&#8221; conclude l&#8217;esponente pentastellato.<\/p>\n","protected":false},"excerpt":{"rendered":"<p>Il consigliere regionale: &#8220;Un piano di intervento per tutelare la salute dei cittadini&#8221;<\/p>\n","protected":false},"author":4,"featured_media":0,"comment_status":"open","ping_status":"closed","sticky":false,"template":"","format":"standard","meta":{"footnotes":""},"categories":[35,31],"tags":[3476,44585],"class_list":["post-462052","post","type-post","status-publish","format-standard","hentry","category-economia","category-politica","tag-amianto","tag-m5s","post_tag_personaggi-fabio-tosi"],"amp_validity":null,"amp_enabled":true,"_links":{"self":[{"href":"https:\/\/staging.ivg.it\/ediapi\/wp\/v2\/posts\/462052","targetHints":{"allow":["GET"]}}],"collection":[{"href":"https:\/\/staging.ivg.it\/ediapi\/wp\/v2\/posts"}],"about":[{"href":"https:\/\/staging.ivg.it\/ediapi\/wp\/v2\/types\/post"}],"author":[{"embeddable":true,"href":"https:\/\/staging.ivg.it\/ediapi\/wp\/v2\/users\/4"}],"replies":[{"embeddable":true,"href":"https:\/\/staging.ivg.it\/ediapi\/wp\/v2\/comments?post=462052"}],"version-history":[{"count":0,"href":"https:\/\/staging.ivg.it\/ediapi\/wp\/v2\/posts\/462052\/revisions"}],"wp:attachment":[{"href":"https:\/\/staging.ivg.it\/ediapi\/wp\/v2\/media?parent=462052"}],"wp:term":[{"taxonomy":"category","embeddable":true,"href":"https:\/\/staging.ivg.it\/ediapi\/wp\/v2\/categories?post=462052"},{"taxonomy":"post_tag","embeddable":true,"href":"https:\/\/staging.ivg.it\/ediapi\/wp\/v2\/tags?post=462052"}],"curies":[{"name":"wp","href":"https:\/\/api.w.org\/{rel}","templated":true}]}}