{"id":461881,"date":"2019-03-18T21:56:21","date_gmt":"2019-03-18T20:56:21","guid":{"rendered":"http:\/\/www.ivg.it\/?p=461881"},"modified":"2019-03-19T19:35:48","modified_gmt":"2019-03-19T18:35:48","slug":"viareggio-cup-la-rappresentativa-di-d-contro-linter-per-continuare-il-sogno","status":"publish","type":"post","link":"https:\/\/staging.ivg.it\/2019\/03\/viareggio-cup-la-rappresentativa-di-d-contro-linter-per-continuare-il-sogno\/","title":{"rendered":"Viareggio Cup: la Rappresentativa di D contro l&#8217;Inter per continuare il sogno"},"content":{"rendered":"<p>\u00c8 tempo di gloria per i ragazzi di De Patre che hanno conquistato gli Ottavi di Finale della battendo per 2-0 la Salernitana grazie ai gol di Sall e Kallon (la stellina classe 2001 del Savona) entrambi nella ripresa al 18&#8242; e 45&#8242;.<\/p>\n<p>La terza partita del girone giocata al &#8220;Raciti&#8221; di Quarrata (Pt) \u00e8 stato un concentrato di emozioni. La faccia pi\u00f9 bella del calcio \u00e8 resa dall&#8217;esultanza di questi ragazzi che non si sono dati mai per vinti, una squadra che non china mai la testa ed ha tanto cuore. La D entra nel gruppo delle migliori sedici del torneo per l&#8217;ottava volta in quattordici partecipazioni, la seconda consecutiva da quando Cosimo Sibilia \u00e8 Presidente della LND, a conferma che il &#8220;Progetto Giovani&#8221; funziona e sta dando i suoi frutti.<\/p>\n<p>Non \u00e8 stato facile neanche con i campani. La squadra con pazienza ha sovrastato gli avversari con la caparbiet\u00e0 di un gruppo orgoglioso. La Rappresentativa ha centrato il successo con il cuore caldo di chi cercava rivincite. Ha divertito il pubblico, ha proposto gioco ed \u00e8 uscita alla distanza nonostante che la Salernitana abbia giocato la partita della vita. Il risultato poteva essere anche pi\u00f9 ampio, almeno sei-sette occasioni limpide da gol. La terza gara del girone ha riassunto il film del torneo, una cascata di emozioni, la fatica del secondo tempo con la Cina, la determinazione con la Spal e oggi la gioia liberatoria. Senza mai dimenticare che questa \u00e8 una Rappresentativa allestita in pochi raduni che si confronta con club professionistici.<\/p>\n<p>Marted\u00ec 19 marzo alle 15 allo stadio &#8220;Libero Masini&#8221; di Santa Croce sull&#8217;Arno (Pi) la pattuglia azzurra dovr\u00e0 affrontare, detentrice in carica. In palio ci sar\u00e0 quel passaggio del turno che manca agli juniores della D da sette anni (2012). Arbitrer\u00e0 l&#8217;incontro il Sig. Andrea Zingarelli di Siena. In caso di parit\u00e0 al termine dei tempi regolamentari, per determinare la squadra vincente si proceder\u00e0 all&#8217;esecuzione dei calci di rigore.<\/p>\n<p>Nei due giorni di sosta tra il primo turno e gli ottavi la Rappresentativa, al lavoro al CPO di Tirrenia, ha colto l&#8217;occasione per vivere un momento di condivisione importante con la Nazionale di scherma Paralimpica capitanata dalla plurimedagliata Bebe Vio. Scambio di auguri e incoraggiamenti tra le due squadre a conferma che lo sport non conosce barriere n\u00e9 orizzonti definiti.<\/p>\n<p>Cos\u00ec la Rappresentativa Serie D ha tifato per la nazionale Under 17 di calcio femminile impegnata in un&#8217;amichevole con l&#8217;Empoli a Tirrenia nel percorso di preparazione all&#8217;Elite Round di qualificazione ai prossimi europei. Momenti di condivisione con gli altri protagonisti dello sport che non hanno distolto l&#8217;attenzione e condizionato l&#8217;applicazione dei ragazzi della D nella preparazione della prossima partita da dentro o fuori.<\/p>\n<p>La rotazione di tutti e venti i giocatori di movimento nelle tre partite del girone ha permesso a Tiziano De Patre di ritrovarsi con una squadra a ranghi completi prima degli incontri ad eliminazione diretta. Il mister ha lavorato tatticamente con la squadra per preparare al meglio la sfida studiando le contromosse da proporre all&#8217;avversario sia con l&#8217;allenamento sul campo sia con la visione collettiva dei filmati delle gare dell&#8217;Inter.<\/p>\n","protected":false},"excerpt":{"rendered":"<p>Lo speciale Settore Giovanile del ct Vaniglia<\/p>\n","protected":false},"author":18,"featured_media":0,"comment_status":"open","ping_status":"closed","sticky":false,"template":"","format":"standard","meta":{"footnotes":""},"categories":[182,32],"tags":[85989,5327,58119],"class_list":["post-461881","post","type-post","status-publish","format-standard","hentry","category-calcio","category-sport","tag-calcio","tag-calcio-giovanile","tag-speciale-settore-giovanile","post_tag_personaggi-felicino-vaniglia"],"amp_validity":null,"amp_enabled":true,"_links":{"self":[{"href":"https:\/\/staging.ivg.it\/ediapi\/wp\/v2\/posts\/461881","targetHints":{"allow":["GET"]}}],"collection":[{"href":"https:\/\/staging.ivg.it\/ediapi\/wp\/v2\/posts"}],"about":[{"href":"https:\/\/staging.ivg.it\/ediapi\/wp\/v2\/types\/post"}],"author":[{"embeddable":true,"href":"https:\/\/staging.ivg.it\/ediapi\/wp\/v2\/users\/18"}],"replies":[{"embeddable":true,"href":"https:\/\/staging.ivg.it\/ediapi\/wp\/v2\/comments?post=461881"}],"version-history":[{"count":0,"href":"https:\/\/staging.ivg.it\/ediapi\/wp\/v2\/posts\/461881\/revisions"}],"wp:attachment":[{"href":"https:\/\/staging.ivg.it\/ediapi\/wp\/v2\/media?parent=461881"}],"wp:term":[{"taxonomy":"category","embeddable":true,"href":"https:\/\/staging.ivg.it\/ediapi\/wp\/v2\/categories?post=461881"},{"taxonomy":"post_tag","embeddable":true,"href":"https:\/\/staging.ivg.it\/ediapi\/wp\/v2\/tags?post=461881"}],"curies":[{"name":"wp","href":"https:\/\/api.w.org\/{rel}","templated":true}]}}