{"id":46186,"date":"2009-01-08T15:36:41","date_gmt":"2009-01-08T14:36:41","guid":{"rendered":"http:\/\/www.ivg.it\/2009\/01\/08\/quiliano-interventi-della-protezione-civile-a-causa-del-gelo\/"},"modified":"2009-01-08T15:36:41","modified_gmt":"2009-01-08T14:36:41","slug":"quiliano-interventi-della-protezione-civile-a-causa-del-gelo","status":"publish","type":"post","link":"https:\/\/staging.ivg.it\/2009\/01\/quiliano-interventi-della-protezione-civile-a-causa-del-gelo\/","title":{"rendered":"Quiliano, interventi della Protezione civile a causa del gelo"},"content":{"rendered":"<p><strong>[thumb:952:l]Quiliano.<\/strong> Il freddo e le intense precipitazioni nevose di questi giorni hanno costretto ad un duro ed intenso lavoro i volontari della Protezione civile di Quiliano. Ancora questa mattina, poco dopo le 7, alcune squadre sono state costrette ad intervenire, a causa della temperatura che era scesa sotto lo zero, per spargere sale, spesso addirittura manualmente, sulla rete viaria comunale.<\/p>\n<p>I volontari sono anche dovuti accorrere per rimettere in strada lo scuolabus che, a causa del ghiaccio, era uscito fuori strada, per fortuna senza provocare danni n\u00e9 all&#8217;autoveicolo n\u00e9, tantomeno, agli occupanti. L&#8217;impegno della Protezione civile quilianese continuer\u00e0, comunque, anche nelle prossime ore: fino a tarda notte gli uomini e le donne in divisa gialla e blu pattuglieranno le vie del centro dell&#8217;entroterra savonese per monitorare la situazione.<\/p>\n","protected":false},"excerpt":{"rendered":"<p>[thumb:952:l]Quiliano. Il freddo e le intense precipitazioni nevose di questi giorni hanno costretto ad un duro ed intenso lavoro i volontari della Protezione civile di Quiliano. Ancora questa mattina, poco dopo le 7, alcune squadre sono state costrette ad intervenire, a causa della temperatura che era scesa sotto lo zero, per spargere sale, spesso addirittura [&hellip;]<\/p>\n","protected":false},"author":1385,"featured_media":0,"comment_status":"open","ping_status":"closed","sticky":false,"template":"","format":"standard","meta":{"footnotes":""},"categories":[34],"tags":[4505,3180,651,598,677,85860,3587],"class_list":["post-46186","post","type-post","status-publish","format-standard","hentry","category-cronaca","tag-gelo","tag-interventi","tag-maltempo","tag-neve","tag-protezione-civile","tag-quiliano","tag-volontari","post_cat_citta-quiliano"],"amp_validity":null,"amp_enabled":true,"_links":{"self":[{"href":"https:\/\/staging.ivg.it\/ediapi\/wp\/v2\/posts\/46186","targetHints":{"allow":["GET"]}}],"collection":[{"href":"https:\/\/staging.ivg.it\/ediapi\/wp\/v2\/posts"}],"about":[{"href":"https:\/\/staging.ivg.it\/ediapi\/wp\/v2\/types\/post"}],"author":[{"embeddable":true,"href":"https:\/\/staging.ivg.it\/ediapi\/wp\/v2\/users\/1385"}],"replies":[{"embeddable":true,"href":"https:\/\/staging.ivg.it\/ediapi\/wp\/v2\/comments?post=46186"}],"version-history":[{"count":0,"href":"https:\/\/staging.ivg.it\/ediapi\/wp\/v2\/posts\/46186\/revisions"}],"wp:attachment":[{"href":"https:\/\/staging.ivg.it\/ediapi\/wp\/v2\/media?parent=46186"}],"wp:term":[{"taxonomy":"category","embeddable":true,"href":"https:\/\/staging.ivg.it\/ediapi\/wp\/v2\/categories?post=46186"},{"taxonomy":"post_tag","embeddable":true,"href":"https:\/\/staging.ivg.it\/ediapi\/wp\/v2\/tags?post=46186"}],"curies":[{"name":"wp","href":"https:\/\/api.w.org\/{rel}","templated":true}]}}