{"id":461615,"date":"2019-03-15T16:01:08","date_gmt":"2019-03-15T15:01:08","guid":{"rendered":"http:\/\/www.ivg.it\/?p=461615"},"modified":"2019-03-15T16:01:08","modified_gmt":"2019-03-15T15:01:08","slug":"enogastronomia-spettacoli-e-laboratori-creativi-un-saporito-fine-settimana-di-eventi-in-provincia","status":"publish","type":"post","link":"https:\/\/staging.ivg.it\/2019\/03\/enogastronomia-spettacoli-e-laboratori-creativi-un-saporito-fine-settimana-di-eventi-in-provincia\/","title":{"rendered":"Enogastronomia, spettacoli e laboratori creativi: un &#8220;saporito&#8221; fine settimana di eventi in provincia"},"content":{"rendered":"<p><strong>Provincia.<\/strong> Ha un quid particolare il fine settimana che stiamo vivendo nella riviera e nell&#8217;entroterra del nostro amato ponente. La lista delle cose da fare, vedere e gustare che stila la rifornitissima agenda <strong><a href=\"http:\/\/www.ivg.it\/cosa-fare-savona\/\"><span style=\"color: #800000;\">IVG<\/span> <span style=\"color: #000000;\">Eventi<\/span><\/a><\/strong> \u00e8 come sempre &#8220;chilometrica&#8221;.<\/p>\n<p>Proprio l&#8217;ultimo verbo, gustare, coniugher\u00e0 per primo le giornate di oggi e domani: a <strong>Finale Ligure<\/strong> il Salone dell&#8217;Agroalimentare torna infatti a deliziare i nostri palati e il nostro olfatto con i sapori e gli aromi dei pi\u00f9 pregiati e ricercati prodotti della nostra terra.<\/p>\n<p>Tuttavia ci saranno anche altre occasioni per soddisfare la nostra &#8220;fame&#8221; di svago e intrattenimento. Ad <strong>Albenga<\/strong> potremo farlo addirittura per una buona causa: l&#8217;Auditorium San Carlo funger\u00e0 infatti da &#8220;cassa di risonanza&#8221; per le pi\u00f9 melodiose canzoni e le pi\u00f9 belle poesie della tradizione napoletana, a cui si aggiunger\u00e0 un pizzico di risate, il tutto mescolato in un divertente show a favore della ricerca sui tumori.<\/p>\n<p>A proposito di spettacoli, <strong>Spotorno<\/strong> si &#8220;veste&#8221; in maniera classica: la Sala Palace sar\u00e0 la cornice del concerto di musica &#8220;colta&#8221; per flauti e pianoforte in cui si esibiranno i virtuosi del Trio Doppler. S\u00f9 il sipario, invece, in Valbormida: al &#8220;Chebello&#8221; di <strong>Cairo Montenotte<\/strong> i detenuti di Rebibbia rendono il loro personale omaggio al &#8220;paladino&#8221; della giustizia italiana Paolo Borsellino.<\/p>\n<p>Non solo &#8220;cose da grandi&#8221;, per\u00f2! A <strong>Loano<\/strong> i pi\u00f9 piccini potranno scatenare la loro infinita fantasia e la loro geniale creativit\u00e0 in un laboratorio ludico insieme all&#8217;artista Claudio Capelli.<\/p>\n<div class=\"single-img-content-container fullwidth-single shortcode standard\">\n    <div class=\"image_container\" style=\"text-align: center;\">\n        <picture class=\" lazyload\"><img loading=\"lazy\" class=\"lazy\" data-srcset=\"https:\/\/www.ivg.it\/photogallery_new\/images\/2016\/03\/salone-dell-agroalimentare-ligure-327944.jpg 1024w, https:\/\/www.ivg.it\/photogallery_new\/images\/2016\/03\/salone-dell-agroalimentare-ligure-327944.jpg 970w, https:\/\/www.ivg.it\/photogallery_new\/images\/2016\/03\/salone-dell-agroalimentare-ligure-327944.jpg 660w, https:\/\/www.ivg.it\/photogallery_new\/images\/2016\/03\/salone-dell-agroalimentare-ligure-327944.jpg 316w, https:\/\/www.ivg.it\/photogallery_new\/images\/2016\/03\/salone-dell-agroalimentare-ligure-327944.jpg 150w\"  data-src=\"https:\/\/www.ivg.it\/photogallery_new\/images\/2016\/03\/salone-dell-agroalimentare-ligure-327944.jpg\" alt=\"Salone dell\u2019Agroalimentare Ligure\" \/><\/picture>\r\n\n    <\/div>\n    <\/div>\n\n<p><strong>Finale Ligure.<\/strong> Da venerd\u00ec 15 a domenica 17 marzo\u00a0torna a Finalborgo l\u2019evento enogastronomico pi\u00f9 atteso nella nostra regione: il <a href=\"http:\/\/www.ivg.it\/evento\/salone-dellagroalimentare-ligure-a-finalborgo\/\">Salone dell\u2019Agroalimentare Ligure<\/a>, manifestazione dedicata alla promozione e valorizzazione dei prodotti tipici nostrani. Tante le novit\u00e0 in calendario per una quindicesima edizione che si annuncia molto ricca e che, come gi\u00e0 in passato, animer\u00e0 l\u2019affascinante Complesso Monumentale Santa Caterina e le caratteristiche piazze del borgo medievale, annoverato tra i pi\u00f9 belli d\u2019Italia.<\/p>\n<p>Per il secondo anno consecutivo ci sar\u00e0 la rassegna \u201cUna cartolina dal Salone\u201d, che lancer\u00e0 la linea grafica 2020 e valorizzer\u00e0 i toni del blu per evidenziare il valore del Mar Ligure e della sua influenza nell\u2019economia territoriale. Come di consueto l\u2019importante rassegna sar\u00e0 caratterizzata da una ricca parte espositiva, che quest\u2019anno avr\u00e0 un ampliamento finalizzato a valorizzare ulteriormente il comparto agroalimentare territoriale, e numerosi eventi collaterali di grande valore e richiamo, grazie anche ad importanti relatori del mondo scientifico, enogastronomico, politico e della cultura.<\/p>\n<p>Grande ritorno per il Pesto Corner con la presenza del professor Virgilio Pronzati, che terr\u00e0 un corso su come si prepara il pesto genovese e i suoi segreti. L\u2019edizione 2019 del Salone porr\u00e0 l\u2019accento sull\u2019importanza della sana alimentazione per condurre una vita in salute e contrastare il problemi causati dai disturbi del comportamento alimentare DCA, valorizzando la Giornata Nazionale dei DCA (che cade proprio il 15 marzo) con un convegno dedicato. Inoltre \u00e8 \u00e8 dedicata alla Giornata del Fiocchetto Lilla e tutti gli espositori indosseranno i fiocchetti preparati dall\u2019Associazione Il Bucaneve.<\/p>\n<p><em>Per tutti i dettagli e gli orari della manifestazione consultate la pagina dell&#8217;evento cliccando<\/em> <a href=\"http:\/\/www.ivg.it\/evento\/salone-dellagroalimentare-ligure-a-finalborgo\/\">qui<\/a>.<\/p>\n<div class=\"single-img-content-container fullwidth-single shortcode standard\">\n    <div class=\"image_container\" style=\"text-align: center;\">\n        <picture class=\" lazyload\"><img loading=\"lazy\" class=\"lazy\" data-srcset=\"https:\/\/www.ivg.it\/photogallery_new\/images\/2018\/11\/fondazione-ant-505054.jpg 1024w, https:\/\/www.ivg.it\/photogallery_new\/images\/2018\/11\/fondazione-ant-505054.jpg 970w, https:\/\/www.ivg.it\/photogallery_new\/images\/2018\/11\/fondazione-ant-505054.jpg 660w, https:\/\/www.ivg.it\/photogallery_new\/images\/2018\/11\/fondazione-ant-505054.jpg 316w, https:\/\/www.ivg.it\/photogallery_new\/images\/2018\/11\/fondazione-ant-505054.jpg 150w\"  data-src=\"https:\/\/www.ivg.it\/photogallery_new\/images\/2018\/11\/fondazione-ant-505054.jpg\" alt=\"Fondazione Ant\" \/><\/picture>\r\n\n    <\/div>\n    <\/div>\n\n<p><strong>Albenga.<\/strong> ANT Associazione Nazionale Tumori &#8211; Delegazione di Albenga con il patrocinio del Comune organizza uno spettacolo per raccolta fondi sabato 16 marzo alle ore 21 presso l&#8217;Auditorium San Carlo. La Compagnia Gli Artisti Instabili animer\u00e0 l&#8217;auditorium con lo spettacolo di canzoni, poesie e comicit\u00e0 <a href=\"https:\/\/www.ivg.it\/evento\/napule-e-tutto-munno-e-paese-canzoni-poesie-e-comicita-per-lassociazione-nazionale-tumori\/\">&#8220;Napule \u00e8&#8230; tutt&#8217;o munno \u00e8 paese&#8221;<\/a>.<\/p>\n<p>Mattatori della serata saranno Giuseppe Manzi, Gaetano Adiletta, Olinda Di Dea, Bruno Piras e Lino Gilmar. Un incalzante alternarsi di poesia, canzoni e sketch che racconteranno stralci del mondo campano, il tutto sotto la direzione artistica di Bruno Piras e la conduzione di Mario Mesiano.<\/p>\n<p>Tutto il ricavato della serata sar\u00e0 devoluto alla Fondazione ANT Italia Onlus di Albenga per la realizzazione dei progetti di prevenzione oncologica sul territorio. Il 16 marzo, quindi, ci si potr\u00e0 divertire in modo sano facendo del bene!<\/p>\n<div class=\"single-img-content-container fullwidth-single shortcode standard\">\n    <div class=\"image_container\" style=\"text-align: center;\">\n        <picture class=\" lazyload\"><img loading=\"lazy\" class=\"lazy\" data-srcset=\"https:\/\/www.ivg.it\/photogallery_new\/images\/2017\/09\/teatro-chebello-palazzo-di-citt-421640.jpg 1024w, https:\/\/www.ivg.it\/photogallery_new\/images\/2017\/09\/teatro-chebello-palazzo-di-citt-421640.jpg 970w, https:\/\/www.ivg.it\/photogallery_new\/images\/2017\/09\/teatro-chebello-palazzo-di-citt-421640.jpg 660w, https:\/\/www.ivg.it\/photogallery_new\/images\/2017\/09\/teatro-chebello-palazzo-di-citt-421640.jpg 316w, https:\/\/www.ivg.it\/photogallery_new\/images\/2017\/09\/teatro-chebello-palazzo-di-citt-421640.jpg 150w\"  data-src=\"https:\/\/www.ivg.it\/photogallery_new\/images\/2017\/09\/teatro-chebello-palazzo-di-citt-421640.jpg\" alt=\"teatro chebello palazzo di citt\u00e0\" \/><\/picture>\r\n\n    <\/div>\n    <\/div>\n\n<p><strong>Cairo Montenotte.<\/strong> Sar\u00e0 dedicato al ricordo del magistrato Paolo Borsellino lo spettacolo <a href=\"https:\/\/www.ivg.it\/evento\/il-corno-di-olifante-il-coraggio-della-legalita-spettacolo-teatrale-in-ricordo-di-paolo-borsellino\/\">&#8220;Il corno di Olifante. Il coraggio della legalit\u00e0&#8221;<\/a> che gli attori della Compagnia Stabile Assai, detenuti della Casa di Reclusione &#8220;Rebibbia&#8221; di Roma, porteranno in scena venerd\u00ec 15 marzo alle ore 21 presso il Teatro Comunale &#8220;Osvaldo Chebello&#8221;.<\/p>\n<p>Il magistrato Paolo Borsellino come il Paladino Orlando che non indietreggi\u00f2 di fronte a morte certa: su questa analogia si basa &#8220;Il corno di Olifante&#8221;, opera teatrale scritta da Patrizio Pacioni e diretta da Antonio Turco, responsabile delle Politiche Sociali AICS. Il Paladino Orlando a Roncisvalle, tradito dal perfido Giano di Magonza, esita a suonare il corno di Olifante, condannando se stesso e il suo gruppo ad una fine gloriosa. Accerchiati da un numero enorme di saraceni, i paladini muoiono eroicamente rinunciando a richiamare il grosso dell\u2019esercito francese per non esporlo ad un possibile massacro.<\/p>\n<p>A Palermo il giudice Borsellino, dopo la morte del suo fraterno amico e collega Giovanni Falcone, non rinuncia a proseguire nell\u2019opera d&#8217;indagine contro i corleonesi, esponendosi ad un attentato che arriver\u00e0 puntuale, come il tradimento dei vertici dello Stato, che non fanno nulla per rimuoverlo da una sede che si riveler\u00e0 mortale per questo coraggioso magistrato e gli uomini della sua scorta nella strage di via D\u2019Amelio.<\/p>\n<p>Lo spettacolo rende omaggio a due figure che hanno saputo interpretare sino alla fine il ruolo di &#8220;servitori dello Stato&#8221; con una dignit\u00e0 e una &#8220;onest\u00e0 di principi&#8221; fuori dal comune. La rappresentazione \u00e8 promossa dalla Direzione della Casa di Reclusione &#8220;Rebibbia&#8221;, dal Ministero della Giustizia \u2013 Dipartimento dell\u2019Amministrazione Penitenziaria e dall&#8217;AICS Associazione Italiana Cultura Sport \u2013 Circolo Anima in collaborazione con il Comune di Cairo Montenotte e il contributo della Fondazione &#8220;Agostino De Mari&#8221;.<\/p>\n<div class=\"single-img-content-container fullwidth-single shortcode standard\">\n    <div class=\"image_container\" style=\"text-align: center;\">\n        <picture class=\" lazyload\"><img loading=\"lazy\" class=\"lazy\" data-srcset=\"https:\/\/www.ivg.it\/photogallery_new\/images\/2019\/03\/mani-in-terra-laboratorio-ludico-con-claudio-capelli-loano-535823.jpg 1024w, https:\/\/www.ivg.it\/photogallery_new\/images\/2019\/03\/mani-in-terra-laboratorio-ludico-con-claudio-capelli-loano-535823.jpg 970w, https:\/\/www.ivg.it\/photogallery_new\/images\/2019\/03\/mani-in-terra-laboratorio-ludico-con-claudio-capelli-loano-535823.jpg 660w, https:\/\/www.ivg.it\/photogallery_new\/images\/2019\/03\/mani-in-terra-laboratorio-ludico-con-claudio-capelli-loano-535823.jpg 316w, https:\/\/www.ivg.it\/photogallery_new\/images\/2019\/03\/mani-in-terra-laboratorio-ludico-con-claudio-capelli-loano-535823.jpg 150w\"  data-src=\"https:\/\/www.ivg.it\/photogallery_new\/images\/2019\/03\/mani-in-terra-laboratorio-ludico-con-claudio-capelli-loano-535823.jpg\" alt=\"&quot;Mani in terra&quot; laboratorio ludico con Claudio Capelli Loano\" \/><\/picture>\r\n\n    <\/div>\n    <\/div>\n\n<p><strong>Loano.<\/strong> Si intitola <a href=\"http:\/\/www.ivg.it\/evento\/mani-in-terra-laboratorio-ludico-con-claudio-capelli\/\">&#8220;Mani in terra&#8221;<\/a> il laboratorio ludico manuale in programma sabato 16 marzo dalle 16:30 presso il Mondadori Bookstore di via Garibaldi a Loano. L&#8217;evento gode del patrocinio dell&#8217;Assessorato comunale a Turismo e Cultura.<\/p>\n<p>Interverr\u00e0 Claudio Capelli del laboratorio artistico ArNaM\u00f2, che accompagner\u00e0 i bambini alla scoperta dell&#8217;argilla e delle sue mille forme creative. &#8220;Nel corso del laboratorio ci rimboccheremo le maniche per scoprire le caratteristiche e le potenzialit\u00e0 dell&#8217;argilla. Come? Attraverso i sensi e la realizzazione di piccoli manufatti&#8221;, spiega Capelli.<\/p>\n<p>Il laboratorio \u00e8 gratuito ma \u00e8 obbligatoria la prenotazione per un massimo di 10 bambini. Per informazioni e prenotazioni contattare il Mondadori Bookstore al numero 019675848 o via e-mail a <a href=\"mailto:mondadoriloano@gmail.com\">mondadoriloano@gmail.com<\/a> o tramite la pagina Facebook <a href=\"https:\/\/www.facebook.com\/mondadoriloano\">https:\/\/www.facebook.com\/mondadoriloano<\/a>.<\/p>\n<div class=\"single-img-content-container fullwidth-single shortcode standard\">\n    <div class=\"image_container\" style=\"text-align: center;\">\n        <picture class=\" lazyload\"><img loading=\"lazy\" class=\"lazy\" data-srcset=\"https:\/\/www.ivg.it\/photogallery_new\/images\/2017\/10\/duo-laura-guatti-loris-orlando-423825.jpg 1024w, https:\/\/www.ivg.it\/photogallery_new\/images\/2017\/10\/duo-laura-guatti-loris-orlando-423825.jpg 970w, https:\/\/www.ivg.it\/photogallery_new\/images\/2017\/10\/duo-laura-guatti-loris-orlando-423825.jpg 660w, https:\/\/www.ivg.it\/photogallery_new\/images\/2017\/10\/duo-laura-guatti-loris-orlando-423825.jpg 316w, https:\/\/www.ivg.it\/photogallery_new\/images\/2017\/10\/duo-laura-guatti-loris-orlando-423825.jpg 150w\"  data-src=\"https:\/\/www.ivg.it\/photogallery_new\/images\/2017\/10\/duo-laura-guatti-loris-orlando-423825.jpg\" alt=\"Duo Laura Guatti - Loris Orlando\" \/><\/picture>\r\n\n    <\/div>\n    <\/div>\n\n<p><strong>Spotorno.<\/strong> Dopo il successo della masterclass di pianoforte tenuta dal maestro Mario Panciroli nel marzo 2018 e il tutto esaurito fatto registrare dal concerto di chitarra del maestro Federico Briasco durante le festivit\u00e0 di fine anno ritorna la musica classica alla Sala Convegni Palace.<\/p>\n<p>L\u2019Associazione Musicale &#8220;Gioachino Rossini&#8221; di Savona, in collaborazione con l\u2019amministrazione comunale di Spotorno e la Direzione Didattica delle scuole medie di Spotorno &#8211; Noli, organizza una serie di concerti di musica classica con l\u2019intento di valorizzare la cultura musicale attraverso la promozione e la realizzazione di manifestazioni dell\u2019ascolto consapevole e della cultura musicale.<\/p>\n<p>Il primo concerto, sabato 16 marzo alle ore 17:30, avr\u00e0 due temi conduttori: uno legato alla figura dei due fratelli Doppler, che con le loro esecuzioni e composizioni furono delle vere &#8220;star&#8221; nel panorama musicale europeo del primo Ottocento, l&#8217;altro sulla prassi musicale di quel periodo, in cui nei salotti europei si eseguivano trascrizioni e rielaborazioni delle principali opere liriche che venivano eseguite nei teatri, quasi sempre di autori italiani, con organici strumentali dettati dalle esigenze del momento.<\/p>\n<p>Il Trio Doppler formato da Laura Guatti e Silvia Schiaffino ai flauti e Loris Orlando al pianoforte eseguir\u00e0 il programma dal titolo <a href=\"https:\/\/www.ivg.it\/evento\/lopera-in-salotto-concerto-del-trio-doppler\/\">&#8220;L\u2019opera in salotto&#8221;<\/a> con musiche tratte da &#8220;La traviata&#8221;, &#8220;Il barbiere di Siviglia&#8221;, &#8220;La sonnambula&#8221;, &#8220;Rigoletto&#8221; e &#8220;Carmen&#8221;.<\/p>\n","protected":false},"excerpt":{"rendered":"<p>Salone Agroalimentare a Finale, musica e comici contro i tumori ad Albenga<\/p>\n","protected":false},"author":11510,"featured_media":0,"comment_status":"open","ping_status":"closed","sticky":false,"template":"","format":"standard","meta":{"footnotes":""},"categories":[45296,56],"tags":[45540,7383],"class_list":["post-461615","post","type-post","status-publish","format-standard","hentry","category-copertina","category-altre","tag-fondazione-ant","tag-salone-agroalimentare","post_cat_citta-albenga","post_cat_citta-cairo-montenotte","post_cat_citta-finale-ligure","post_cat_citta-loano","post_cat_citta-spotorno","post_tag_personaggi-paolo-borsellino"],"amp_validity":null,"amp_enabled":true,"_links":{"self":[{"href":"https:\/\/staging.ivg.it\/ediapi\/wp\/v2\/posts\/461615","targetHints":{"allow":["GET"]}}],"collection":[{"href":"https:\/\/staging.ivg.it\/ediapi\/wp\/v2\/posts"}],"about":[{"href":"https:\/\/staging.ivg.it\/ediapi\/wp\/v2\/types\/post"}],"author":[{"embeddable":true,"href":"https:\/\/staging.ivg.it\/ediapi\/wp\/v2\/users\/11510"}],"replies":[{"embeddable":true,"href":"https:\/\/staging.ivg.it\/ediapi\/wp\/v2\/comments?post=461615"}],"version-history":[{"count":0,"href":"https:\/\/staging.ivg.it\/ediapi\/wp\/v2\/posts\/461615\/revisions"}],"wp:attachment":[{"href":"https:\/\/staging.ivg.it\/ediapi\/wp\/v2\/media?parent=461615"}],"wp:term":[{"taxonomy":"category","embeddable":true,"href":"https:\/\/staging.ivg.it\/ediapi\/wp\/v2\/categories?post=461615"},{"taxonomy":"post_tag","embeddable":true,"href":"https:\/\/staging.ivg.it\/ediapi\/wp\/v2\/tags?post=461615"}],"curies":[{"name":"wp","href":"https:\/\/api.w.org\/{rel}","templated":true}]}}