{"id":461498,"date":"2019-03-14T10:21:38","date_gmt":"2019-03-14T09:21:38","guid":{"rendered":"http:\/\/www.ivg.it\/?p=461498"},"modified":"2019-03-14T18:35:24","modified_gmt":"2019-03-14T17:35:24","slug":"pietra-ligure-tutto-pronto-per-la-prima-festa-di-primavera-sul-lungomare","status":"publish","type":"post","link":"https:\/\/staging.ivg.it\/2019\/03\/pietra-ligure-tutto-pronto-per-la-prima-festa-di-primavera-sul-lungomare\/","title":{"rendered":"Pietra Ligure, tutto pronto per la prima &#8220;Festa di Primavera&#8221; sul lungomare"},"content":{"rendered":"<p><strong>Pietra Ligure<\/strong>. Domenica 17 marzo su lungomare 20 Settembre a Pietra Ligure si terr\u00e0 la \u201cFesta di Primavera\u201d organizzata dal Comune di Pietra Ligure in collaborazione con l&#8217;associazione culturale Polis.<\/p>\n<p>La manifestazione sar\u00e0 interamente dedicata ad hobbisti, artigiani e opere dell\u2019ingegno. I mercatini inizieranno alle 10 per finire alle 20. Dalle 15 si esibir\u00e0 Gabriele Uccelli, noto artista di strada genovese, che interpreter\u00e0 le pi\u00f9 famose canzoni di Fabrizio de Andr\u00e9 e delle musica anni 60\/70.<\/p>\n<p>La \u201cFesta di Primavera\u201d \u00e8 il primo dei molti appuntamenti organizzati dall\u2019amministrazione comunale con Polis: \u201cSaranno eventi \u2013 spiega l&#8217;assessore alle attivit\u00e0 produttive Daniela Frumento \u2013 che promuoveranno l\u2019artigianato italiano ed internazionale, le opere d\u2019ingegno e degli hobbisti, la filiera agroalimentare e i prodotti tipici delle regioni d\u2019Italia, le opere dei mastri cioccolatai e l\u2019attenzione ad uno sviluppo ambientale sostenibile con la promozione dei prodotti biologici. Gli eventi si svilupperanno da marzo a dicembre sul lungomare XX settembre e nelle piazze del centro storico\u201d.<\/p>\n","protected":false},"excerpt":{"rendered":"<p>La manifestazione sar\u00e0 interamente dedicata ad hobbisti, artigiani e opere dell\u2019ingegno<\/p>\n","protected":false},"author":12120,"featured_media":0,"comment_status":"open","ping_status":"closed","sticky":false,"template":"","format":"standard","meta":{"footnotes":""},"categories":[45296,56],"tags":[106392],"class_list":["post-461498","post","type-post","status-publish","format-standard","hentry","category-copertina","category-altre","tag-festa-di-primavera-pietra-ligure","post_cat_citta-pietra-ligure","post_tag_personaggi-daniela-frumento"],"amp_validity":null,"amp_enabled":true,"_links":{"self":[{"href":"https:\/\/staging.ivg.it\/ediapi\/wp\/v2\/posts\/461498","targetHints":{"allow":["GET"]}}],"collection":[{"href":"https:\/\/staging.ivg.it\/ediapi\/wp\/v2\/posts"}],"about":[{"href":"https:\/\/staging.ivg.it\/ediapi\/wp\/v2\/types\/post"}],"author":[{"embeddable":true,"href":"https:\/\/staging.ivg.it\/ediapi\/wp\/v2\/users\/12120"}],"replies":[{"embeddable":true,"href":"https:\/\/staging.ivg.it\/ediapi\/wp\/v2\/comments?post=461498"}],"version-history":[{"count":0,"href":"https:\/\/staging.ivg.it\/ediapi\/wp\/v2\/posts\/461498\/revisions"}],"wp:attachment":[{"href":"https:\/\/staging.ivg.it\/ediapi\/wp\/v2\/media?parent=461498"}],"wp:term":[{"taxonomy":"category","embeddable":true,"href":"https:\/\/staging.ivg.it\/ediapi\/wp\/v2\/categories?post=461498"},{"taxonomy":"post_tag","embeddable":true,"href":"https:\/\/staging.ivg.it\/ediapi\/wp\/v2\/tags?post=461498"}],"curies":[{"name":"wp","href":"https:\/\/api.w.org\/{rel}","templated":true}]}}