{"id":460989,"date":"2019-03-08T10:42:50","date_gmt":"2019-03-08T09:42:50","guid":{"rendered":"http:\/\/www.ivg.it\/?p=460989"},"modified":"2019-03-08T10:42:50","modified_gmt":"2019-03-08T09:42:50","slug":"bollette-tari-il-meetup-ceriale-in-movimento-attacca-i-crediti-prescritti-siano-stralciati-dal-comune","status":"publish","type":"post","link":"https:\/\/staging.ivg.it\/2019\/03\/bollette-tari-il-meetup-ceriale-in-movimento-attacca-i-crediti-prescritti-siano-stralciati-dal-comune\/","title":{"rendered":"Bollette Tari, il Meetup Ceriale in Movimento attacca: &#8220;I crediti prescritti siano stralciati dal Comune&#8221;"},"content":{"rendered":"<p><strong>Ceriale<\/strong>. &#8220;Ringraziamo il Sindaco che si \u00e8 preso l&#8217;onere di fare chiarezza riguardo i solleciti inviati ai cittadini in riferimento a bollette per le quali \u00e8 sopraggiunta la prescrizione e quindi facenti parte di crediti non pi\u00f9 esigibili e confidiamo che verranno adottati gli opportuni correttivi a tutela dei cittadini&#8221;. Cos\u00ec il Meetup Ceriale in MoVimento torna sull&#8217;argomento delle richieste di pagamento della Tari arrivate a molti cittadini nelle scorse settimane e precisa che &#8220;per evitare qualunque forma di equivoco&#8221; \u00e8 stata fatta &#8220;una disamina legale\/giurisprudenziale della questione in modo da fugare qualsiasi dubbio e\/o accusa&#8221;.<\/p>\n<p>&#8220;Il comma 5 dell&#8217;art.230 del Testo Unico degli Enti Locali (TUEL) recita: &#8216;lo stato patrimoniale comprende anche i crediti inesigibili, stralciati dal conto del bilancio, sino al compimento dei termini di prescrizione&#8217;. In base all&#8217;art.179 del TUEL in sede di accertamento dei residui attivi vanno verificati gli elementi essenziali dei crediti per stabilirne l&#8217;esigibilit\u00e0. Tra gli elementi essenziali vi \u00e8 la scadenza, di conseguenza i crediti per cui \u00e8 sopraggiunta la prescrizione non essendo pi\u00f9 esigibili vanno stralciati dai residui attivi. La Cassazione si \u00e8 espressa a suo tempo sull&#8217;esigibilit\u00e0 del canone idrico entro e non oltre il termine di prescrizione quinquennale: &#8216;il diritto della P.A di ottenere il corrispettivo in dipendenza dell&#8217;utilizzazione di acqua pubblica \u00e8 soggetto alla prescrizione quinquennale prevista dall&#8217;art.2948 c.c applicabile a detti canoni in quanto prestazioni periodiche che, pur essendo tra loro autonome, si ricollegano ad un&#8217;unica causa debendi a carattere continuativo&#8221; (Cass.Civ.5948\/81-Cass Civ.422\/80 e altre)&#8221; spiegano dal Meetup.<\/p>\n<p>&#8220;Gli atti idonei ad interrompere la prescrizione devono avere i requisiti stabiliti dall&#8217;art. 2943 c.c., di conseguenza perch\u00e9 un atto abbia efficacia interruttiva della prescrizione deve presentare, oltre all&#8217;elemento soggettivo (chiara indicazione del soggetto obbligato), l&#8217;elemento oggettivo, consistente nell&#8217;esplicazione di una pretesa e nella intimazione o richiesta scritta di adempimento, idonea a manifestare l&#8217;inequivocabile volont\u00e0 del titolare del credito di far valere il proprio diritto nei confronti del soggetto indicato, con effetto sostanziale di costituirlo in mora. Il requisito oggettivo non \u00e8 ravvisabile in semplici sollecitazioni prive del carattere di intimazione e di espressa richiesta formale al debitore. In conclusione i crediti prescritti, in base alle leggi nazionali vanno eliminati dal bilancio e ovviamente non pi\u00f9 richiesti ai cittadini. Prendiamo atto che in quanto dichiarato alle testate giornalistiche il primo cittadino dimostri di non conoscere che in base alle norme del TUEL (D.lgs. 267\/2000) e dell&#8217;allegato 4\/2 del D.Lgs. 118\/2011 prevedono lo stralcio dei crediti trascorsi 3 anni dalla scadenza per essere inseriti in apposito elenco allegato al rendiconto fino alla prescrizione degli stessi, dopo la prescrizione andrebbero riportati nelle scritture patrimoniali&#8221; aggiungono i pentastellati carialesi.<\/p>\n<p>&#8220;E&#8217; utile e doveroso quindi precisare che la facolt\u00e0 del cittadino di far valere la prescrizione \u00e8 necessaria come strumenti di difesa se vi \u00e8 un&#8217;ingiusta pretesa da parte del creditore o presunto tale, tuttavia il primo cittadino dovrebbe occuparsi non di come il contribuente si possa difendere ma fare in modo che l&#8217;Ente che amministra prevenga queste situazioni operando come prescritto dalle norme stabilite nel TUEL e dalle altre norme che regolano le attivit\u00e0 dell&#8217;Ente. Noi riteniamo che la Pubblica Amministrazione debba operare in modo da evitare cheil cittadino sia costretto a doversi difendere dalla stessa, questo significa operare al servizio dei cittadini e non contro o con prevaricazione, questa \u00e8 la nostra visione della Pubblica Amministrazione ed in questo senso avremmo gestito l&#8217;Ente. Sull&#8217;operato dell&#8217;ente spiace comunque ricordare che, nonostante la Circolare N. 1\/2017 del MEF in cui chiarisce la corretta applicazione della quota variabile relativa alla TARI, i contribuenti che hanno inoltrato correttamente richiesta di rimborso non lo abbiano ancora ottenuto. E&#8217; molto chiaro che hanno versato pi\u00f9 del dovuto a causa di un errore relativo al calcolo della quota variabile, riteniamo questo atteggiamento dell&#8217;Ente scorretto e distante anni luce dagli interessi dei cittadini. Quanto ancora devono aspettare per essere rimborsati i cittadini che hanno ingiustamente versato pi\u00f9 del dovuto?<br \/>\nSpiace anche leggere il primo cittadino accusare i contribuenti presunti morosi come colpevoli a prescindere ed immolarsi in una difesa dei dipendenti comunali nonostante non siano assolutamente stati attaccati dalla nostra nota, dipendenti ai quali esprimiamo tutta la nostra solidariet\u00e0, consapevoli delle difficolt\u00e0 dovute, soprattutto ma non solo, alle carenze di organico a causa di anni di blocco del turnover e difficolt\u00e0 economiche dovute al patto di stabilit\u00e0. Noi ci dissociamo da chi facendo tali affermazioni dimostra esser egli stesso a pensare che l&#8217;inefficienza della macchina comunale non pu\u00f2 che essere imputabile unicamente all&#8217;operato dei dipendenti e vuole scorrettamente tentare di proiettare questo modo di pensare su di noi, che al contrario pensiamo che l&#8217;inefficienza spesso \u00e8 questione organizzativa e\/o di indirizzo, temi sui quali i dipendenti non hanno nessuna responsabilit\u00e0.<br \/>\nAbbiamo gi\u00e0 scritto e ribadiamo con ancora pi\u00f9 forza che riteniamo i dipendenti del comune stiano facendo il loro meglio e non nutriamo nessun dubbio in merito, iniziamo ad avere dubbi sugli amministratori eletti che in questo caso come in altri dimostrano di non conoscere le norme che regolano l&#8217;attivit\u00e0 dell&#8217;ente che sono chiamati ad amministrare. Auspichiamo quindi che, in ottemperanza alle norme citate, i crediti prescritti e quindi non esigibili vengano al pi\u00f9 presto stralciati prima ancora che i cittadini facciano rilevare la sopraggiunta prescrizione e che i contribuenti che hanno richiesto il rimborso di quanto ingiustamente versato relativamente alla TARI possano vedere riconosciuto quanto dovuto, evitando in questo modo di minare la fiducia che i cittadini ripongono nell&#8217;Ente ed evitando anche possibili contenziosi in cui il Comune sarebbe soccombente&#8221; concludono dal Meetup Ceriale in Movimento.<\/p>\n","protected":false},"excerpt":{"rendered":"<p>&#8220;Bisogna evitare di minare la fiducia che i cittadini ripongono nell&#8217;Ente ed evitando anche possibili contenziosi in cui il Comune sarebbe soccombente&#8221; <\/p>\n","protected":false},"author":2394,"featured_media":0,"comment_status":"open","ping_status":"closed","sticky":false,"template":"","format":"standard","meta":{"footnotes":""},"categories":[31],"tags":[6167,46365],"class_list":["post-460989","post","type-post","status-publish","format-standard","hentry","category-politica","tag-bollette","tag-meetup-ceriale","post_cat_citta-ceriale"],"amp_validity":null,"amp_enabled":true,"_links":{"self":[{"href":"https:\/\/staging.ivg.it\/ediapi\/wp\/v2\/posts\/460989","targetHints":{"allow":["GET"]}}],"collection":[{"href":"https:\/\/staging.ivg.it\/ediapi\/wp\/v2\/posts"}],"about":[{"href":"https:\/\/staging.ivg.it\/ediapi\/wp\/v2\/types\/post"}],"author":[{"embeddable":true,"href":"https:\/\/staging.ivg.it\/ediapi\/wp\/v2\/users\/2394"}],"replies":[{"embeddable":true,"href":"https:\/\/staging.ivg.it\/ediapi\/wp\/v2\/comments?post=460989"}],"version-history":[{"count":0,"href":"https:\/\/staging.ivg.it\/ediapi\/wp\/v2\/posts\/460989\/revisions"}],"wp:attachment":[{"href":"https:\/\/staging.ivg.it\/ediapi\/wp\/v2\/media?parent=460989"}],"wp:term":[{"taxonomy":"category","embeddable":true,"href":"https:\/\/staging.ivg.it\/ediapi\/wp\/v2\/categories?post=460989"},{"taxonomy":"post_tag","embeddable":true,"href":"https:\/\/staging.ivg.it\/ediapi\/wp\/v2\/tags?post=460989"}],"curies":[{"name":"wp","href":"https:\/\/api.w.org\/{rel}","templated":true}]}}