{"id":460896,"date":"2019-03-07T09:43:15","date_gmt":"2019-03-07T08:43:15","guid":{"rendered":"http:\/\/www.ivg.it\/?p=460896"},"modified":"2019-03-07T09:45:49","modified_gmt":"2019-03-07T08:45:49","slug":"schianto-sullaurelia-tra-albisola-e-celle-sempre-gravi-le-condizioni-del-36enne-ricoverato-al-santa-corona","status":"publish","type":"post","link":"https:\/\/staging.ivg.it\/2019\/03\/schianto-sullaurelia-tra-albisola-e-celle-sempre-gravi-le-condizioni-del-36enne-ricoverato-al-santa-corona\/","title":{"rendered":"Schianto sull&#8217;Aurelia tra Albisola e Celle: sempre gravi le condizioni del 36enne ricoverato al Santa Corona"},"content":{"rendered":"<p><strong>Pietra Ligure.<\/strong> Resta ricoverato in prognosi riservata nel reparto di Rianimazione dell&#8217;ospedale Santa Corona di Pietra Ligure Giovanni Henrry Avila Peralta, 36 anni, il cittadino ecuadoriano, rimasto gravemente ferito nell&#8217;incidente avvenuto nella notte tra venerd\u00ec e sabato scorsi sulla via Aurelia tra Albisola Superiore e Celle Ligure. Oggi i medici dovrebbero sottoporlo ad un intervento di stabilizzazione ortopedica per trattare diverse fratture.<\/p>\n<p>Nel terribile schianto ha perso la vita il cugino del trentaseienne, Jordan Alfredo Ortega Peralta, 27 anni, mentre \u00e8 rimasto gravemente ferito il fratello, Ronald Avila Peralta, 31 anni, che era al volante del Land Rover Freelander ed ora \u00e8 ricoverato all&#8217;ospedale San Paolo di Savona (le sue condizioni fortunatamente sono migliorate negli ultimi giorni tanto che \u00e8 stato trasferito dalla Rianimazione in traumatologia).<\/p>\n<p>Sull&#8217;incidente il pm Chiara Venturi ha aperto un fascicolo per omicidio stradale a carico del conducente dell&#8217;auto. Secondo quanto ricostruito dalla polizia stradale, il fuoristrada \u00e8 finito contro un muro ai lati della carreggiata. Al vaglio degli inquirenti c&#8217;\u00e8 la velocit\u00e0 alla quale procedeva il veicolo, ma anche le condizioni dell&#8217;autista che saranno note all&#8217;esito degli esami tossicologici.<\/p>\n","protected":false},"excerpt":{"rendered":"<p>Giovanni Henrry Avila Peralta oggi sar\u00e0 operato, nell&#8217;incidente aveva perso la vita un 27enne, Jordan Alfredo Ortega Peralta, ed un 31enne era rimasto ferito<\/p>\n","protected":false},"author":2394,"featured_media":0,"comment_status":"open","ping_status":"closed","sticky":false,"template":"","format":"standard","meta":{"footnotes":""},"categories":[45296,34],"tags":[10550],"class_list":["post-460896","post","type-post","status-publish","format-standard","hentry","category-copertina","category-cronaca","tag-incidente-mortale","post_cat_citta-albisola-superiore","post_cat_citta-celle-ligure"],"amp_validity":null,"amp_enabled":true,"_links":{"self":[{"href":"https:\/\/staging.ivg.it\/ediapi\/wp\/v2\/posts\/460896","targetHints":{"allow":["GET"]}}],"collection":[{"href":"https:\/\/staging.ivg.it\/ediapi\/wp\/v2\/posts"}],"about":[{"href":"https:\/\/staging.ivg.it\/ediapi\/wp\/v2\/types\/post"}],"author":[{"embeddable":true,"href":"https:\/\/staging.ivg.it\/ediapi\/wp\/v2\/users\/2394"}],"replies":[{"embeddable":true,"href":"https:\/\/staging.ivg.it\/ediapi\/wp\/v2\/comments?post=460896"}],"version-history":[{"count":0,"href":"https:\/\/staging.ivg.it\/ediapi\/wp\/v2\/posts\/460896\/revisions"}],"wp:attachment":[{"href":"https:\/\/staging.ivg.it\/ediapi\/wp\/v2\/media?parent=460896"}],"wp:term":[{"taxonomy":"category","embeddable":true,"href":"https:\/\/staging.ivg.it\/ediapi\/wp\/v2\/categories?post=460896"},{"taxonomy":"post_tag","embeddable":true,"href":"https:\/\/staging.ivg.it\/ediapi\/wp\/v2\/tags?post=460896"}],"curies":[{"name":"wp","href":"https:\/\/api.w.org\/{rel}","templated":true}]}}