{"id":459883,"date":"2019-02-23T09:26:13","date_gmt":"2019-02-23T08:26:13","guid":{"rendered":"http:\/\/www.ivg.it\/?p=459883"},"modified":"2019-02-23T09:26:13","modified_gmt":"2019-02-23T08:26:13","slug":"meteo-liguria-aria-piu-fredda-e-secca-in-arrivo-da-est","status":"publish","type":"post","link":"https:\/\/staging.ivg.it\/2019\/02\/meteo-liguria-aria-piu-fredda-e-secca-in-arrivo-da-est\/","title":{"rendered":"Meteo Liguria, aria pi\u00f9 fredda e secca in arrivo da Est"},"content":{"rendered":"<p><strong>Liguria<\/strong>. Il promontorio anticiclonico si rinforza sull&#8217;asse Spagna-Francia, fino a lambire il nord Europa, mentre aria fredda da est ha fatto il suo ingresso sui Balcani e sta per interessare l&#8217;Italia centro-meridionale. In Liguria gli effetti saranno marginali, limitati solamente ad un rinforzo della ventilazione settentrionale ed un calo termico, consistente nell&#8217;interno, meno marcato lungo la costa.<\/p>\n<p>La mattinata si presenta serena su tutta la regione, d eccezione di qualche nube sui versanti padani e sul levante. Lungo la costa le temperature minime variano tra 6 e 11 gradi, mentre nelle vallate interne si sono registrati valori negativi grazie alle solite inversioni termiche, tipiche del regime anticiclonico. La localit\u00e0 pi\u00f9 fredda \u00e8 Cabanne di Rezzoaglio, in Val d&#8217;Aveto, con &#8211; 4.8 gradi.<\/p>\n<p>I venti si sono gi\u00e0 disposti da nord sul savonese e sul genovese, mentre sono deboli e di direzione variabile sul levante e sull&#8217;imperiese. Punte di 16-17 gradi si raggiungono gi\u00e0 sul savonese centro-occidentali a causa della compressione dei venti settentrionali in discesa dalla Val Bormida.<\/p>\n<p>Nel pomeriggio il tempo si manterr\u00e0 soleggiato, i venti di tramontana\/grecale si imporranno su tutta la regione, rinforzando ulteriormente in serata e nella notte in particolare tra Genova e Albenga. Le temperature massime saranno in calo nell&#8217;entroterra ed in montagna, mentre sulla costa il calo termico sar\u00e0 poco apprezzabile.<\/p>\n<p>Nella giornata di domani il vento di tramomtana sar\u00e0 ancora protagonista, specie tra Genova e Albenga, con rinforzi sui crinali, allo sbocco delle valli ed in mare aperto. Le temperature caleranno ulteriormente nell&#8217;interno e sulla costa centrale.<\/p>\n","protected":false},"excerpt":{"rendered":"<p>Le temperature massime saranno in calo nell&#8217;entroterra ed in montagna, mentre sulla costa il calo termico sar\u00e0 poco apprezzabile<\/p>\n","protected":false},"author":2394,"featured_media":0,"comment_status":"open","ping_status":"closed","sticky":false,"template":"","format":"standard","meta":{"footnotes":""},"categories":[56],"tags":[65228,652,45966],"class_list":["post-459883","post","type-post","status-publish","format-standard","hentry","category-altre","tag-centro-limet","tag-meteo","tag-meteo-liguria","post_cat_citta-savona"],"amp_validity":null,"amp_enabled":true,"_links":{"self":[{"href":"https:\/\/staging.ivg.it\/ediapi\/wp\/v2\/posts\/459883","targetHints":{"allow":["GET"]}}],"collection":[{"href":"https:\/\/staging.ivg.it\/ediapi\/wp\/v2\/posts"}],"about":[{"href":"https:\/\/staging.ivg.it\/ediapi\/wp\/v2\/types\/post"}],"author":[{"embeddable":true,"href":"https:\/\/staging.ivg.it\/ediapi\/wp\/v2\/users\/2394"}],"replies":[{"embeddable":true,"href":"https:\/\/staging.ivg.it\/ediapi\/wp\/v2\/comments?post=459883"}],"version-history":[{"count":0,"href":"https:\/\/staging.ivg.it\/ediapi\/wp\/v2\/posts\/459883\/revisions"}],"wp:attachment":[{"href":"https:\/\/staging.ivg.it\/ediapi\/wp\/v2\/media?parent=459883"}],"wp:term":[{"taxonomy":"category","embeddable":true,"href":"https:\/\/staging.ivg.it\/ediapi\/wp\/v2\/categories?post=459883"},{"taxonomy":"post_tag","embeddable":true,"href":"https:\/\/staging.ivg.it\/ediapi\/wp\/v2\/tags?post=459883"}],"curies":[{"name":"wp","href":"https:\/\/api.w.org\/{rel}","templated":true}]}}