{"id":459630,"date":"2019-02-20T12:44:22","date_gmt":"2019-02-20T11:44:22","guid":{"rendered":"http:\/\/www.ivg.it\/?p=459630"},"modified":"2019-02-20T12:48:04","modified_gmt":"2019-02-20T11:48:04","slug":"savona-arriva-lok-dellarpal-via-libera-al-bando-per-il-secondo-lotto-della-piscina","status":"publish","type":"post","link":"https:\/\/staging.ivg.it\/2019\/02\/savona-arriva-lok-dellarpal-via-libera-al-bando-per-il-secondo-lotto-della-piscina\/","title":{"rendered":"Savona, arriva l&#8217;ok dell&#8217;Arpal: via libera al bando per il secondo lotto della piscina"},"content":{"rendered":"<p><strong>Savona.<\/strong> Via libera al bando di gara per la realizzazione del secondo lotto della piscina di corso Colombo. Finalmente, dopo anni di stop, annunci e progetti, la costruzione della seconda vasca sta per iniziare in seguito all&#8217;ok di Arpal.<\/p>\n<p>Prima di indire la gara, infatti, il Comune ha dovuto attendere l&#8217;esito degli esami del&#8217;Agenzia Regionale per la Protezione dell&#8217;Ambiente Ligure sulla presenza di eventuali inquinanti nel terreno su cui sorger\u00e0 il secondo lotto\u00a0<em>(nella foto)<\/em>: una verifica resa necessaria dal passato industriale dell&#8217;area. I carotaggi fino a 18 metri di profondit\u00e0 fatti a settembre, per\u00f2, non hanno evidenziato particolari criticit\u00e0.<\/p>\n<p>Il Comune ora preparer\u00e0 quindi il bando di gara. &#8220;Sar\u00e0 pronto per fine aprile, massimo inizio maggio &#8211; annuncia l&#8217;assessore allo Sport, Maurizio Scaramuzza &#8211; e durer\u00e0 60 giorni. Gli uffici stanno iniziando un lavoro importante, una gara europea per il maggior impianto a rilevanza economica di Savona: con i due lotti sar\u00e0 davvero un impianto all&#8217;avanguardia, e sono certo che chi vincer\u00e0 il bando sar\u00e0 in grado di dare lustro a una citt\u00e0 e a una squadra che gi\u00e0 ci fa grande onore.<\/p>\n<p>Il bando da 3,2 milioni di euro avr\u00e0 la formula del project financing: il vincitore si sobbarcher\u00e0 i costi per la costruzione del secondo lotto come da progetto del Comune ed avr\u00e0 in cambio la gestione (e i relativi introiti) per 15-20 anni di entrambe le piscine. Oggi la vasca principale \u00e8 gestita dalla Rari Nantes, ma la convenzione scade a novembre: &#8220;Il nuovo accordo non preveder\u00e0 alcun contributo da parte dell&#8217;amministrazione &#8211; chiarisce l&#8217;assessore &#8211; e questo sar\u00e0 un passo importante perch\u00e9 si tratter\u00e0 del primo impianto a rilevanza economica a non aver costi per il Comune savonese&#8221;.<\/p>\n<p>&#8220;La mia speranza \u00e8 che ci siano tante aziende e societ\u00e0 sportive partecipanti, in questo modo avremo la possibilit\u00e0 di scegliere pur mettendo davanti a tutto la citt\u00e0: l&#8217;impianto dovr\u00e0 essere destinato ai cittadini. Nel caso pi\u00f9 fortunato &#8211; incrocia le dita Scaramuzza &#8211; potremmo riuscire a inaugurarlo entro la fine del mandato&#8221;. Ovvero giugno 2021.<\/p>\n","protected":false},"excerpt":{"rendered":"<p>Sar\u00e0 pronto entro inizio maggio, la gara da 3,2 milioni durer\u00e0 60 giorni. Scaramuzza: &#8220;Se saremo fortunati potremo inaugurarla entro fine mandato&#8221;<\/p>\n","protected":false},"author":10593,"featured_media":0,"comment_status":"open","ping_status":"closed","sticky":false,"template":"","format":"standard","meta":{"footnotes":""},"categories":[56,42377,32],"tags":[83735],"class_list":["post-459630","post","type-post","status-publish","format-standard","hentry","category-altre","category-altri-sport","category-sport","tag-piscina-savona","post_cat_citta-savona","post_tag_personaggi-maurizio-scaramuzza"],"amp_validity":null,"amp_enabled":true,"_links":{"self":[{"href":"https:\/\/staging.ivg.it\/ediapi\/wp\/v2\/posts\/459630","targetHints":{"allow":["GET"]}}],"collection":[{"href":"https:\/\/staging.ivg.it\/ediapi\/wp\/v2\/posts"}],"about":[{"href":"https:\/\/staging.ivg.it\/ediapi\/wp\/v2\/types\/post"}],"author":[{"embeddable":true,"href":"https:\/\/staging.ivg.it\/ediapi\/wp\/v2\/users\/10593"}],"replies":[{"embeddable":true,"href":"https:\/\/staging.ivg.it\/ediapi\/wp\/v2\/comments?post=459630"}],"version-history":[{"count":0,"href":"https:\/\/staging.ivg.it\/ediapi\/wp\/v2\/posts\/459630\/revisions"}],"wp:attachment":[{"href":"https:\/\/staging.ivg.it\/ediapi\/wp\/v2\/media?parent=459630"}],"wp:term":[{"taxonomy":"category","embeddable":true,"href":"https:\/\/staging.ivg.it\/ediapi\/wp\/v2\/categories?post=459630"},{"taxonomy":"post_tag","embeddable":true,"href":"https:\/\/staging.ivg.it\/ediapi\/wp\/v2\/tags?post=459630"}],"curies":[{"name":"wp","href":"https:\/\/api.w.org\/{rel}","templated":true}]}}