{"id":459563,"date":"2019-02-19T17:16:57","date_gmt":"2019-02-19T16:16:57","guid":{"rendered":"http:\/\/www.ivg.it\/?p=459563"},"modified":"2019-02-19T18:09:40","modified_gmt":"2019-02-19T17:09:40","slug":"sguardo-al-cielo-per-ammirare-larrivo-della-super-luna","status":"publish","type":"post","link":"https:\/\/staging.ivg.it\/2019\/02\/sguardo-al-cielo-per-ammirare-larrivo-della-super-luna\/","title":{"rendered":"Sguardo al cielo per ammirare l&#8217;arrivo della Super Luna"},"content":{"rendered":"<p><strong>Savona.<\/strong> Torna dal tardo pomeriggio di oggi la Super Luna, anche se il cielo nuvoloso potrebbe rovinare la visione dell&#8217;atteso fenomeno astronomico. Tuttavia saranno in tanti gli appassionati che questa sera ci proveranno, per osservare il nostro satellite nella sua fase di minor distanza dalla Terra.<\/p>\n<p>Tecnicamente la Super Luna \u00e8 la Luna piena pi\u00f9 grande dell\u2019anno: sorger\u00e0 alle 17:57 e tramonter\u00e0 la mattina del 20 febbraio alle 7:57. Anche nel savonese ci si prepara per l&#8217;osservazione.<\/p>\n<p>&#8220;E\u2019 pi\u00f9 grande perch\u00e9 si trova al perigeo e quindi \u00e8 a \u201csoli\u201d 356.000 km dalla Terra, in realt\u00e0 sar\u00e0 ancora pi\u00f9 vicina a Savona (circa 351.000 km) infatti la distanza gli astronomi la prendono dal centro della Terra al centro della Luna ma noi in realt\u00e0 siamo gi\u00e0 a circa 6.400 km dal centro della Terra anche se non esattamente in direzione della Luna&#8221; afferma Ugo Ghione, presidente dell&#8217;associazione Astrofili Orione.<\/p>\n<p>Se stasera, nonostante i molti sguardi all&#8217;ins\u00f9, non si riuscir\u00e0 ad ammirare la Super Luna, bisogner\u00e0 attendere il prossimo 10 marzo 2020, quando il fenomeno torner\u00e0 ancora visibile.<\/p>\n","protected":false},"excerpt":{"rendered":"<p>Sorger\u00e0 alle 17:57 e tramonter\u00e0 la mattina del 20 febbraio alle 7:57<\/p>\n","protected":false},"author":4,"featured_media":0,"comment_status":"open","ping_status":"closed","sticky":false,"template":"","format":"standard","meta":{"footnotes":""},"categories":[45296,56],"tags":[6976,37750,10926,90282],"class_list":["post-459563","post","type-post","status-publish","format-standard","hentry","category-copertina","category-altre","tag-associazione-astrofili-orione","tag-astrofili-savonesi","tag-luna","tag-super-luna"],"amp_validity":null,"amp_enabled":true,"_links":{"self":[{"href":"https:\/\/staging.ivg.it\/ediapi\/wp\/v2\/posts\/459563","targetHints":{"allow":["GET"]}}],"collection":[{"href":"https:\/\/staging.ivg.it\/ediapi\/wp\/v2\/posts"}],"about":[{"href":"https:\/\/staging.ivg.it\/ediapi\/wp\/v2\/types\/post"}],"author":[{"embeddable":true,"href":"https:\/\/staging.ivg.it\/ediapi\/wp\/v2\/users\/4"}],"replies":[{"embeddable":true,"href":"https:\/\/staging.ivg.it\/ediapi\/wp\/v2\/comments?post=459563"}],"version-history":[{"count":0,"href":"https:\/\/staging.ivg.it\/ediapi\/wp\/v2\/posts\/459563\/revisions"}],"wp:attachment":[{"href":"https:\/\/staging.ivg.it\/ediapi\/wp\/v2\/media?parent=459563"}],"wp:term":[{"taxonomy":"category","embeddable":true,"href":"https:\/\/staging.ivg.it\/ediapi\/wp\/v2\/categories?post=459563"},{"taxonomy":"post_tag","embeddable":true,"href":"https:\/\/staging.ivg.it\/ediapi\/wp\/v2\/tags?post=459563"}],"curies":[{"name":"wp","href":"https:\/\/api.w.org\/{rel}","templated":true}]}}