{"id":459452,"date":"2019-02-18T15:15:03","date_gmt":"2019-02-18T14:15:03","guid":{"rendered":"http:\/\/www.ivg.it\/?p=459452"},"modified":"2019-02-18T15:15:03","modified_gmt":"2019-02-18T14:15:03","slug":"prosegue-a-levante-la-visita-pastorale-del-vescovo-di-savona-noli-calogero-marino","status":"publish","type":"post","link":"https:\/\/staging.ivg.it\/2019\/02\/prosegue-a-levante-la-visita-pastorale-del-vescovo-di-savona-noli-calogero-marino\/","title":{"rendered":"Prosegue a levante la visita pastorale del vescovo di Savona-Noli Calogero Marino"},"content":{"rendered":"<p><strong>Savona.<\/strong> La visita pastorale \u201cA passo d\u2019uomo\u201d del vescovo di Savona-Noli Calogero Marino prosegue nella vicaria del levante.<\/p>\n<p>Conclusa la prima tappa sul territorio del comune di Celle (San Michele, Piani e Sanda), questa settimana tocca alla parrocchia di sant\u2019Ambrogio a Varazze retta da don Claudio Doglio. Domani, marted\u00ec 19 febbraio alle 21 veglia di preghiera in sant\u2019Ambrogio con apertura della Visita e incontro con tutti gli operatori pastorali. Mercoled\u00ec 20 alle 9 celebrazione della messa in parrocchia, dalle 10 visita ad alcuni ammalati nelle case, alle 12 incontro e pranzo con i padri domenicani nel convento di san Domenico, quindi appuntamenti pomeridiani con la comunit\u00e0 del \u201cBuon Pastore\u201d (alle 15.30) e con i ragazzi del catechismo all\u2019oratorio don Bosco (17), infine incontro e cena con i Padri francescani nel convento di San Giacomo.<\/p>\n<p>Gioved\u00ec 21 dopo la Messa alle 9, sempre in sant\u2019Ambrogio, dalle 10 il vescovo Gero riceve coloro che desiderano avere un colloquio personale con lui. Alle 11.30 incontro con l&#8217;ispettore salesiano e pranzo in oratorio. Dalle 15 monsignor Marino proseguir\u00e0 i colloqui personali e quindi , alle 20.30, interverr\u00e0 alla trasmissione speciale di Tele-Varazze. Venerd\u00ec 22 alle 10 celebrazione della messa con la comunit\u00e0 del \u201cGranello\u201d alle 12 incontro e pranzo con i Fatebenefratelli, alle 16 visita agli ospiti della Rsa \u201cSanta Caterina\u201d, alle 19 appuntamento e cena con il sindaco mentre alle 21 incontro aperto a tutta la cittadinanza nell\u2019auditorium del palazzetto dello sport.<\/p>\n<p>Sabato 23 alle 10 partenza del pellegrinaggio al Santuario della Guardia, alle 12 preghiera comunitaria alla beata Vergine Maria e quindi pranzo al sacco. Alle 14 rientro passando dalla cappella del beato Jacopo da Varagine e infine alle 18 celebrazione eucaristica in parrocchia. Domenica 24 alle 11 messa solenne in Sant&#8217;Ambrogio seguita alle 13 dal pranzo nell\u2019oratorio don Bosco con alcuni rappresentanti degli operatori pastorali.<\/p>\n","protected":false},"excerpt":{"rendered":"<p>Questa settimana tocca alla parrocchia di sant\u2019Ambrogio a Varazze retta da don Claudio Doglio<\/p>\n","protected":false},"author":12120,"featured_media":0,"comment_status":"open","ping_status":"closed","sticky":false,"template":"","format":"standard","meta":{"footnotes":""},"categories":[45296,56],"tags":[],"class_list":["post-459452","post","type-post","status-publish","format-standard","hentry","category-copertina","category-altre","post_cat_citta-varazze","post_tag_personaggi-vescovo-calogero-marino"],"amp_validity":null,"amp_enabled":true,"_links":{"self":[{"href":"https:\/\/staging.ivg.it\/ediapi\/wp\/v2\/posts\/459452","targetHints":{"allow":["GET"]}}],"collection":[{"href":"https:\/\/staging.ivg.it\/ediapi\/wp\/v2\/posts"}],"about":[{"href":"https:\/\/staging.ivg.it\/ediapi\/wp\/v2\/types\/post"}],"author":[{"embeddable":true,"href":"https:\/\/staging.ivg.it\/ediapi\/wp\/v2\/users\/12120"}],"replies":[{"embeddable":true,"href":"https:\/\/staging.ivg.it\/ediapi\/wp\/v2\/comments?post=459452"}],"version-history":[{"count":0,"href":"https:\/\/staging.ivg.it\/ediapi\/wp\/v2\/posts\/459452\/revisions"}],"wp:attachment":[{"href":"https:\/\/staging.ivg.it\/ediapi\/wp\/v2\/media?parent=459452"}],"wp:term":[{"taxonomy":"category","embeddable":true,"href":"https:\/\/staging.ivg.it\/ediapi\/wp\/v2\/categories?post=459452"},{"taxonomy":"post_tag","embeddable":true,"href":"https:\/\/staging.ivg.it\/ediapi\/wp\/v2\/tags?post=459452"}],"curies":[{"name":"wp","href":"https:\/\/api.w.org\/{rel}","templated":true}]}}