{"id":459261,"date":"2019-02-15T15:39:13","date_gmt":"2019-02-15T14:39:13","guid":{"rendered":"http:\/\/www.ivg.it\/?p=459261"},"modified":"2019-02-15T15:39:13","modified_gmt":"2019-02-15T14:39:13","slug":"sede-di-casapound-imbrattata-mdp-savona-simona-saccone-tinelli-chieda-scusa-ai-giovani-manifestanti","status":"publish","type":"post","link":"https:\/\/staging.ivg.it\/2019\/02\/sede-di-casapound-imbrattata-mdp-savona-simona-saccone-tinelli-chieda-scusa-ai-giovani-manifestanti\/","title":{"rendered":"Sede di Casapound imbrattata, Mdp-Savona: &#8220;Simona Saccone Tinelli chieda scusa ai giovani manifestanti&#8221;"},"content":{"rendered":"<p><strong>Savona.<\/strong> \u201cRiteniamo che la consigliera dovrebbe chiedere immediatamente scusa ai giovani che hanno manifestato oggi e la invitiamo a impegnarsi per onorare la memoria antifascista della nostra citt\u00e0, chiedendo la chiusura della sede di Casapound\u201d. Non si \u00e8 fatta attendere la replica di Simone Anselmo, coordinatore provinciale di Mdp-Savona, alle affermazioni del consigliere comunale di Savona Simona Saccone Tinelli.<\/p>\n<p>Poche ore fa, Saccone Tinelli aveva comunicato: \u201cDurante il corteo antirazzista vengo messa al corrente dell\u2019imbrattamento della saracinesca della sede di CasaPound in via San Lorenzo a Savona\u201d. Senza esplicitamente affermare che i responsabili fossero i partecipanti al corteo, per il consigliere sussisteva un collegamento diretto tra i due episodi.<\/p>\n<p>Ora Anselmo risponde: \u201cI compagni di Mdp-Savona hanno sfilato stamattina insieme ai tantissimi ragazzi che hanno onorato la nostra citt\u00e0 e la sua medaglia d&#8217;oro alla resistenza. Oltre 600 ragazzi con un corteo gioioso, festoso e colorato hanno sfilato in maniera pacifica per le nostre vie, con due grandi concetti che erano alla base della piattaforma della manifestazione ovvero l&#8217;antifascismo e l&#8217;antirazzismo. Due pilastri su cui \u00e8 basata la nostra meravigliosa Costituzione\u201d.<\/p>\n<p>\u201cSiamo per\u00f2 dispiaciuti che alcuni organi di stampa abbiano voluto dare visibilit\u00e0 a una consigliera comunale che infamia il corteo di cos\u00ec tanti giovani accusandoli di aver imbrattato una sede, che peraltro non dovrebbe manco esistere, non capiamo su quali &#8216;prove&#8217; la consigliera possa accusare i manifestanti di questo, peraltro evidentemente non \u00e8 stata informata che il corteo non \u00e8 passato in quella zona della citt\u00e0\u201d.<\/p>\n<p>\u201cVogliamo per\u00f2 ancora riaffermare che in base a quanto disposto dalla nostra Costituzione e da quanto deciso recentemente da una risoluzione del parlamento europeo che nel testo riporta: &#8216;impunit\u00e0 di cui godono le organizzazioni di estrema destra in alcuni stati membri sia una delle ragioni che spiega l&#8217;aumento delle azioni violente, che colpiscono la societ\u00e0 nel suo complesso e si rivolgono a particolari minoranze come gli europei e le persone di origine africana, gli ebrei, i musulmani, i rom, i cittadini di paesi terzi, le persone LGBTI e le persone con disabilit\u00e0&#8217;. Da qui la richiesta di porre fine alla collusione con i neofascisti e mettere fuorilegge tutte le organizzazioni che glorificano il fascismo e tra queste organizzazione anche Casapound\u201d.<\/p>\n","protected":false},"excerpt":{"rendered":"<p>Per il consigliere sussisteva un collegamento diretto tra i due episodi<\/p>\n","protected":false},"author":12120,"featured_media":0,"comment_status":"open","ping_status":"closed","sticky":false,"template":"","format":"standard","meta":{"footnotes":""},"categories":[34,31],"tags":[63967,104252],"class_list":["post-459261","post","type-post","status-publish","format-standard","hentry","category-cronaca","category-politica","tag-casapound","tag-corteo-antirazzista","post_cat_citta-savona","post_tag_personaggi-simona-saccone-tinelli","post_tag_personaggi-simone-anselmo"],"amp_validity":null,"amp_enabled":true,"_links":{"self":[{"href":"https:\/\/staging.ivg.it\/ediapi\/wp\/v2\/posts\/459261","targetHints":{"allow":["GET"]}}],"collection":[{"href":"https:\/\/staging.ivg.it\/ediapi\/wp\/v2\/posts"}],"about":[{"href":"https:\/\/staging.ivg.it\/ediapi\/wp\/v2\/types\/post"}],"author":[{"embeddable":true,"href":"https:\/\/staging.ivg.it\/ediapi\/wp\/v2\/users\/12120"}],"replies":[{"embeddable":true,"href":"https:\/\/staging.ivg.it\/ediapi\/wp\/v2\/comments?post=459261"}],"version-history":[{"count":0,"href":"https:\/\/staging.ivg.it\/ediapi\/wp\/v2\/posts\/459261\/revisions"}],"wp:attachment":[{"href":"https:\/\/staging.ivg.it\/ediapi\/wp\/v2\/media?parent=459261"}],"wp:term":[{"taxonomy":"category","embeddable":true,"href":"https:\/\/staging.ivg.it\/ediapi\/wp\/v2\/categories?post=459261"},{"taxonomy":"post_tag","embeddable":true,"href":"https:\/\/staging.ivg.it\/ediapi\/wp\/v2\/tags?post=459261"}],"curies":[{"name":"wp","href":"https:\/\/api.w.org\/{rel}","templated":true}]}}