{"id":458694,"date":"2019-02-08T18:22:13","date_gmt":"2019-02-08T17:22:13","guid":{"rendered":"http:\/\/www.ivg.it\/?p=458694"},"modified":"2019-02-08T18:34:50","modified_gmt":"2019-02-08T17:34:50","slug":"savona-ricorda-le-foibe-le-celebrazioni-del-giorno-del-ricordo","status":"publish","type":"post","link":"https:\/\/staging.ivg.it\/2019\/02\/savona-ricorda-le-foibe-le-celebrazioni-del-giorno-del-ricordo\/","title":{"rendered":"Savona ricorda le Foibe: le celebrazioni del Giorno del Ricordo"},"content":{"rendered":"<p><strong>Savona.<\/strong> Il Comitato Provinciale di Savona che rappresenta l&#8217;Associazione Nazionale Venezia Giulia e Dalmazia (ANVGD) ha annunciato il programma delle celebrazioni per domenica 10 febbraio, Giorno del Ricordo, in memoria delle &#8220;vittime delle foibe e dell&#8217;esodo degli istriani, dei fiumani e dei dalmati italiani.<\/p>\n<p>Alle ore 17 il Vescovo celebrer\u00e0 una messa nella Cappella di Nostra Signora della Neve, in via Santa Maria Maggiore. Alle 18 appuntamento in Piazza Mameli dove, alla presenza del sindaco e di altre autorit\u00e0, oltre ai tradizionali rintocchi della campana in memoria delle vittime di tutte le guerre, sar\u00e0 eseguito il silenzio fuori ordinanza, verr\u00e0 deposta una corona al Monumento ai Caduti; la Corale Alpina savonese intoner\u00e0 il verdiano &#8220;Va&#8217; pensiero&#8230;&#8221; in ricordo degli esuli giuliano dalmati che abbandonarono le loro terre per restare italiani e per sfuggire al regime totalitario che vi si stava instaurando.<\/p>\n<p>Il Giorno del Ricordo \u00e8 stato istituito con la legge 30 marzo 2004 n. 92, proprio per conservare e rinnovare &#8220;la memoria della tragedia degli italiani e di tutte le vittime delle foibe, dell&#8217;esodo degli istriani, dei fiumani e dei dalmati italiani dalle loro terre durante la seconda guerra mondiale e nell&#8217;immediato dopoguerra (1943-1945), e della pi\u00f9 complessa vicenda del confine orientale&#8221;.   <\/p>\n<p>La data prescelta, il 10 febbraio, ricorda il giorno in cui, nel 1947, furono firmati i trattati di pace di Parigi che assegnavano alla Jugoslavia l&#8217;Istria, il Quarnaro, e la maggior parte della  Venezia Giulia, in precedenza facenti parte dell&#8217;Italia. <\/p>\n<p>&#8220;Il tema storico delle foibe \u00e8 ancora oggi controverso &#8211; ricorda il Comitato savonese dell&#8217;associazione -, si discute se gli eccidi mirassero a eliminare gli italiani in quanto tali o perch\u00e9 oppositori sia all&#8217;annessione della Venezia Giulia, e dell&#8217;Istria alla Jugoslavia, sia alla costruzione di un sistema comunista. Sopravvivono anche tesi negazioniste, nonostante le conclusioni di numerosi storici e le  numerose testimonianze tra le quali i resoconti scritti dei vigili del fuoco che scesero nella foiba di Vines, le foto dei recuperi delle salme, le attestazioni dei parenti e quelle dei pochi sopravvissuti, come l&#8217;allora sottotenente Graziano Udovisi, di Pola, l&#8217;ultimo superstite delle foibe istriane, scampato fortuitamente alla morte nel 1945&#8221;.<\/p>\n","protected":false},"excerpt":{"rendered":"<p>Messa del vescovo e deposizione della corona in piazza Mameli<\/p>\n","protected":false},"author":4,"featured_media":0,"comment_status":"open","ping_status":"closed","sticky":false,"template":"","format":"standard","meta":{"footnotes":""},"categories":[56],"tags":[67405,6411,6507],"class_list":["post-458694","post","type-post","status-publish","format-standard","hentry","category-altre","tag-esodo-giuliano-dalmati","tag-foibe","tag-giorno-del-ricordo","post_cat_citta-savona"],"amp_validity":null,"amp_enabled":true,"_links":{"self":[{"href":"https:\/\/staging.ivg.it\/ediapi\/wp\/v2\/posts\/458694","targetHints":{"allow":["GET"]}}],"collection":[{"href":"https:\/\/staging.ivg.it\/ediapi\/wp\/v2\/posts"}],"about":[{"href":"https:\/\/staging.ivg.it\/ediapi\/wp\/v2\/types\/post"}],"author":[{"embeddable":true,"href":"https:\/\/staging.ivg.it\/ediapi\/wp\/v2\/users\/4"}],"replies":[{"embeddable":true,"href":"https:\/\/staging.ivg.it\/ediapi\/wp\/v2\/comments?post=458694"}],"version-history":[{"count":0,"href":"https:\/\/staging.ivg.it\/ediapi\/wp\/v2\/posts\/458694\/revisions"}],"wp:attachment":[{"href":"https:\/\/staging.ivg.it\/ediapi\/wp\/v2\/media?parent=458694"}],"wp:term":[{"taxonomy":"category","embeddable":true,"href":"https:\/\/staging.ivg.it\/ediapi\/wp\/v2\/categories?post=458694"},{"taxonomy":"post_tag","embeddable":true,"href":"https:\/\/staging.ivg.it\/ediapi\/wp\/v2\/tags?post=458694"}],"curies":[{"name":"wp","href":"https:\/\/api.w.org\/{rel}","templated":true}]}}