{"id":458672,"date":"2019-02-08T14:23:52","date_gmt":"2019-02-08T13:23:52","guid":{"rendered":"http:\/\/www.ivg.it\/?p=458672"},"modified":"2019-02-08T14:23:59","modified_gmt":"2019-02-08T13:23:59","slug":"a-toirano-gli-esami-di-abilitazione-per-le-unita-cinofile-di-ricerca-dispersi-della-protezione-civile","status":"publish","type":"post","link":"https:\/\/staging.ivg.it\/2019\/02\/a-toirano-gli-esami-di-abilitazione-per-le-unita-cinofile-di-ricerca-dispersi-della-protezione-civile\/","title":{"rendered":"A Toirano gli esami di abilitazione per le unit\u00e0 cinofile di ricerca dispersi della protezione civile"},"content":{"rendered":"<p><strong>Toirano.<\/strong> Lo scorso 27 gennaio nella frazione toiranese di Carpe di sono tenute le sessioni di esame per il conseguimento delle abilitazioni di primo e secondo livello delle unit\u00e0 cinofile abilitate alla ricerca dei dispersi che sono in corso di costituzione all&#8217;interno del coordinamento dei volontari di protezione civile della provincia di Savona ed appartenenti alle associazioni e gruppi di protezione civile della zona.<\/p>\n<p>L\u2019esame di primo livello consiste nella valutazione dell\u2019attitudine dell&#8217;accoppiata conduttore-cane all\u2019attivit\u00e0 di ricerca nonch\u00e9 della predisposizione di quest\u2019ultimo all\u2019obbedienza. L\u2019esame di secondo livello consiste in una vera e propria simulazione di ricerca con uso di Gps, cartografia e comunicazioni radio formali nella quale un figurante \u201cinterpreta\u201d il ruolo del disperso all&#8217;interno di una zona tra 5 e 7 ettari di estensione. Compito del conduttore \u00e8 quello di ricevere le indicazioni da parte dell\u2019unit\u00e0 di comando, perimetrare l\u2019area di ricerca e quindi cercare il disperso tramite l\u2019olfatto del cane che, giunto sull\u2019obiettivo, segnala l\u2019avvenuto ritrovamento abbaiando e presidiando il posto.<\/p>\n<p>L\u2019operato dei volontari \u00e8 stato valutato dagli istruttori cinofili del coordinamento dei volontari della protezione civile della provincia di Savona Giovanni Bozzano, Barbara Astaldi e Giuseppe Antonuzzo.<\/p>\n<p>L\u2019attestato di secondo livello, che attesta l\u2019operativit\u00e0 dell\u2019unit\u00e0 cinofila nella ricerca dispersi, \u00e8 stato conseguito da Elisabetta Fabbio con il cane Gi\u00f2 dell\u2019organizzazione volontari \u201cI Lupi\u201d di Albisola; da Silvia Pignone con il cane Tabata e da Lorena Canepa con il cane Joy del gruppo comunale dei volontari di protezione civile e Aib di Bergeggi; da Christian Negro con il cane Pluto del gruppo intercomunale di protezione civile e Aib di Toirano, Boissano e Loano.<\/p>\n<p>La ricerca dispersi rappresenta una delle molteplici attivit\u00e0 esercitate, nei momenti di \u201cpace allerta ed emergenza, dalle associazioni e gruppi comunali, intercomunali di protezione civile e antincendio boschivo tramite il supporto e l\u2019operato del coordinamento dei volontari di protezione civile negli ambiti logistico, gestionale e formativo.<\/p>\n","protected":false},"excerpt":{"rendered":"<p>L\u2019esame di secondo livello consiste in una vera e propria simulazione di ricerca<\/p>\n","protected":false},"author":12120,"featured_media":0,"comment_status":"open","ping_status":"closed","sticky":false,"template":"","format":"standard","meta":{"footnotes":""},"categories":[56],"tags":[677],"class_list":["post-458672","post","type-post","status-publish","format-standard","hentry","category-altre","tag-protezione-civile","post_cat_citta-toirano"],"amp_validity":null,"amp_enabled":true,"_links":{"self":[{"href":"https:\/\/staging.ivg.it\/ediapi\/wp\/v2\/posts\/458672","targetHints":{"allow":["GET"]}}],"collection":[{"href":"https:\/\/staging.ivg.it\/ediapi\/wp\/v2\/posts"}],"about":[{"href":"https:\/\/staging.ivg.it\/ediapi\/wp\/v2\/types\/post"}],"author":[{"embeddable":true,"href":"https:\/\/staging.ivg.it\/ediapi\/wp\/v2\/users\/12120"}],"replies":[{"embeddable":true,"href":"https:\/\/staging.ivg.it\/ediapi\/wp\/v2\/comments?post=458672"}],"version-history":[{"count":0,"href":"https:\/\/staging.ivg.it\/ediapi\/wp\/v2\/posts\/458672\/revisions"}],"wp:attachment":[{"href":"https:\/\/staging.ivg.it\/ediapi\/wp\/v2\/media?parent=458672"}],"wp:term":[{"taxonomy":"category","embeddable":true,"href":"https:\/\/staging.ivg.it\/ediapi\/wp\/v2\/categories?post=458672"},{"taxonomy":"post_tag","embeddable":true,"href":"https:\/\/staging.ivg.it\/ediapi\/wp\/v2\/tags?post=458672"}],"curies":[{"name":"wp","href":"https:\/\/api.w.org\/{rel}","templated":true}]}}