{"id":458670,"date":"2019-02-08T14:20:18","date_gmt":"2019-02-08T13:20:18","guid":{"rendered":"http:\/\/www.ivg.it\/?p=458670"},"modified":"2019-02-08T14:20:18","modified_gmt":"2019-02-08T13:20:18","slug":"savona-in-prefettura-consultabile-il-bollettino-dellanno-2018-redditi-2017","status":"publish","type":"post","link":"https:\/\/staging.ivg.it\/2019\/02\/savona-in-prefettura-consultabile-il-bollettino-dellanno-2018-redditi-2017\/","title":{"rendered":"Savona, in Prefettura consultabile il Bollettino dell\u2019anno 2018 (redditi 2017)"},"content":{"rendered":"<p><strong>Savona.<\/strong> Presso l&#8217;ufficio di Gabinetto della Prefettura di Savona, in piazza A. Saffi, \u00e8 consultabile il Bollettino relativo all&#8217;anno 2018 (redditi 2017), concernente le dichiarazioni patrimoniali e reddituali dei titolari di cariche di cui all&#8217;articolo 12 della legge numero 441 del 5 luglio 1982.<\/p>\n<p>I dati contenuti nel Bollettino sono accessibili alla consultazione da parte della cittadinanza, nei giorni di luned\u00ec, mercoled\u00ec e venerd\u00ec, dalle 10 alle 12.<\/p>\n<p>L\u2019amministrazione, sulla base delle istruzioni impartite, provveder\u00e0 ad annotare, in apposito registro, le generalit\u00e0 e gli indirizzi di coloro che sono ammessi alla consultazione del bollettino.<\/p>\n","protected":false},"excerpt":{"rendered":"<p>Dati accessibili nei giorni di luned\u00ec, mercoled\u00ec e venerd\u00ec, dalle 10 alle 12\u00a0<\/p>\n","protected":false},"author":18599,"featured_media":0,"comment_status":"open","ping_status":"closed","sticky":false,"template":"","format":"standard","meta":{"footnotes":""},"categories":[56],"tags":[105881,24537],"class_list":["post-458670","post","type-post","status-publish","format-standard","hentry","category-altre","tag-bollettino","tag-prefettura-savona","post_cat_citta-savona"],"amp_validity":null,"amp_enabled":true,"_links":{"self":[{"href":"https:\/\/staging.ivg.it\/ediapi\/wp\/v2\/posts\/458670","targetHints":{"allow":["GET"]}}],"collection":[{"href":"https:\/\/staging.ivg.it\/ediapi\/wp\/v2\/posts"}],"about":[{"href":"https:\/\/staging.ivg.it\/ediapi\/wp\/v2\/types\/post"}],"author":[{"embeddable":true,"href":"https:\/\/staging.ivg.it\/ediapi\/wp\/v2\/users\/18599"}],"replies":[{"embeddable":true,"href":"https:\/\/staging.ivg.it\/ediapi\/wp\/v2\/comments?post=458670"}],"version-history":[{"count":0,"href":"https:\/\/staging.ivg.it\/ediapi\/wp\/v2\/posts\/458670\/revisions"}],"wp:attachment":[{"href":"https:\/\/staging.ivg.it\/ediapi\/wp\/v2\/media?parent=458670"}],"wp:term":[{"taxonomy":"category","embeddable":true,"href":"https:\/\/staging.ivg.it\/ediapi\/wp\/v2\/categories?post=458670"},{"taxonomy":"post_tag","embeddable":true,"href":"https:\/\/staging.ivg.it\/ediapi\/wp\/v2\/tags?post=458670"}],"curies":[{"name":"wp","href":"https:\/\/api.w.org\/{rel}","templated":true}]}}