{"id":45855,"date":"2009-01-05T14:21:41","date_gmt":"2009-01-05T13:21:41","guid":{"rendered":"http:\/\/www.ivg.it\/2009\/01\/05\/albenga-isola-gallinara-nuova-sede-al-fortino\/"},"modified":"2009-01-06T15:11:59","modified_gmt":"2009-01-06T14:11:59","slug":"albenga-isola-gallinara-nuova-sede-al-fortino","status":"publish","type":"post","link":"https:\/\/staging.ivg.it\/2009\/01\/albenga-isola-gallinara-nuova-sede-al-fortino\/","title":{"rendered":"Albenga, Isola Gallinara: nuova sede per la societ\u00e0 del Comune"},"content":{"rendered":"<p><strong>[thumb:1077:l]Albenga.<\/strong> &#8220;Ci saranno novit\u00e0, e anche notevoli. La convenzione con la societ\u00e0 privata proprietaria dell&#8217;isola, la Gallinaria srl, \u00e8 quasi fatta e questo comporter\u00e0 un accesso regolato all&#8217;isola, con un numero maggiore di visite guidate ed escursioni, oltre alla possibilit\u00e0 di incrementare il turismo naturalistico, penso alle immersioni nei fondali o ad altre attivit\u00e0 legate alle scuole. Inoltre abbiamo deciso di destinare la sede della societ\u00e0 di gestione del Comune la &#8220;Isola srl&#8221; nel fortino di piazza Europa, che sar\u00e0 dotata anche di una sala multimediale. E a partire da oggi per la realizzazione dei lavori della nuova sede saranno necessari sei mesi&#8221;. E&#8217; quanto dichiarato dal sindaco di Albenga Antonello Tabb\u00f2 nel corso di una intervista concessa alla WebTv di IVG.it. Tra l&#8217;altro l&#8217;Isola Gallinara sar\u00e0 uno dei punti in discussione nel consiglio comunale del prossimo 7 gennaio.<\/p>\n<p>&#8220;Si prospetta la possibilit\u00e0 di coniugare la grandi potenzialit\u00e0 economiche di questa citt\u00e0, come il settore agricolo, con quelle pi\u00f9 strettamente turistiche e l&#8217;Isola Gallinara sar\u00e0 senz&#8217;altro uno degli elementi del rilancio turistico ingauno&#8221;, ha aggiunto Tabb\u00f2.<\/p>\n<p>Intanto procede l&#8217;iter per la creazione della riserva marina protetta che coinvolge Comune, Regione e Ministero dell&#8217;Ambiente. Attualmente, infatti, la Gallinara \u00e8 un parco naturalistico regionale: &#8220;La nuova convenzione per la gestione dell&#8217;isola si inserisce nell&#8217;ottica di questo ulteriore passo, mi auguro che l&#8217;iter possa andare in porto nel pi\u00f9 breve tempo possibile&#8221;, ha concluso il primo cittadino albenganese.<\/p>\n","protected":false},"excerpt":{"rendered":"<p>[thumb:1077:l]Albenga. &#8220;Ci saranno novit\u00e0, e anche notevoli. La convenzione con la societ\u00e0 privata proprietaria dell&#8217;isola, la Gallinaria srl, \u00e8 quasi fatta e questo comporter\u00e0 un accesso regolato all&#8217;isola, con un numero maggiore di visite guidate ed escursioni, oltre alla possibilit\u00e0 di incrementare il turismo naturalistico, penso alle immersioni nei fondali o ad altre attivit\u00e0 legate [&hellip;]<\/p>\n","protected":false},"author":4,"featured_media":0,"comment_status":"open","ping_status":"closed","sticky":false,"template":"","format":"standard","meta":{"footnotes":""},"categories":[],"tags":[85841,5574,4381],"class_list":["post-45855","post","type-post","status-publish","format-standard","hentry","tag-albenga","tag-isola-gallinara","tag-tabbo","post_cat_citta-albenga"],"amp_validity":null,"amp_enabled":true,"_links":{"self":[{"href":"https:\/\/staging.ivg.it\/ediapi\/wp\/v2\/posts\/45855","targetHints":{"allow":["GET"]}}],"collection":[{"href":"https:\/\/staging.ivg.it\/ediapi\/wp\/v2\/posts"}],"about":[{"href":"https:\/\/staging.ivg.it\/ediapi\/wp\/v2\/types\/post"}],"author":[{"embeddable":true,"href":"https:\/\/staging.ivg.it\/ediapi\/wp\/v2\/users\/4"}],"replies":[{"embeddable":true,"href":"https:\/\/staging.ivg.it\/ediapi\/wp\/v2\/comments?post=45855"}],"version-history":[{"count":0,"href":"https:\/\/staging.ivg.it\/ediapi\/wp\/v2\/posts\/45855\/revisions"}],"wp:attachment":[{"href":"https:\/\/staging.ivg.it\/ediapi\/wp\/v2\/media?parent=45855"}],"wp:term":[{"taxonomy":"category","embeddable":true,"href":"https:\/\/staging.ivg.it\/ediapi\/wp\/v2\/categories?post=45855"},{"taxonomy":"post_tag","embeddable":true,"href":"https:\/\/staging.ivg.it\/ediapi\/wp\/v2\/tags?post=45855"}],"curies":[{"name":"wp","href":"https:\/\/api.w.org\/{rel}","templated":true}]}}