{"id":458248,"date":"2019-02-03T12:06:25","date_gmt":"2019-02-03T11:06:25","guid":{"rendered":"http:\/\/www.ivg.it\/?p=458248"},"modified":"2019-02-03T12:06:25","modified_gmt":"2019-02-03T11:06:25","slug":"samuele-manfredi-da-segnali-di-ripresa-parla-alla-madre-e-dice-ho-fame","status":"publish","type":"post","link":"https:\/\/staging.ivg.it\/2019\/02\/samuele-manfredi-da-segnali-di-ripresa-parla-alla-madre-e-dice-ho-fame\/","title":{"rendered":"Samuele Manfredi d\u00e0 segnali di ripresa, parla alla madre e dice &#8220;Ho fame&#8221;"},"content":{"rendered":"<p><strong>Loano.<\/strong> &#8220;Ho fame, cosa cosa c&#8217;\u00e8 da mangiare?&#8221;. Sono queste le parole che sarebbero state pronunciate da Samuele Manfredi, il 18enne loanese promessa del ciclismo nazionale che a dicembre scorso \u00e8 rimasto vittima di un grave incidente stradale a Toirano, mentre si allenava in sella alla sua bici.<\/p>\n<p>Dopo essere stato sottoposto ad un delicato\u00a0intervento chirurgico volto a ridurre il grave trauma cranico riportato nel sinistro stradale ed aver trascorso qualche giorno nel reparto di rianimazione dell\u2019ospedale Santa Corona di Pietra Ligure, a met\u00e0 gennaio il giovanissimo ciclista era stato &#8220;risvegliato&#8221; dal coma indotto nel quale si trovava.<\/p>\n<p>In seguito, a met\u00e0 gennaio Manfredi \u00e8 stato trasferito a Ferrara, presso un nuovissimo centro di riabilitazione di terzo livello, dove ha iniziato il lungo processo di recupero.<\/p>\n<p>E qualche risultato pare sia gi\u00e0 arrivato: come confermato da persone vicine ai famigliari e come ripreso anche dai media specializzati, due giorni fa il 18enne loanese si sarebbe rivolto alla madre dicendo di avere fame e di volere qualcosa da mangiare.<\/p>\n<p>Una notizia che apre uno spiraglio di ottimismo ancora pi\u00f9 ampio circa la ripresa del ragazzo e che non pu\u00f2 che riempire di gioia quanti lo conoscono e ne apprezzano le grandi qualit\u00e0 umane e atletiche.<\/p>\n","protected":false},"excerpt":{"rendered":"<p>Attualmente si trova a Ferrara, presso un nuovissimo centro di riabilitazione di terzo livello<\/p>\n","protected":false},"author":12120,"featured_media":0,"comment_status":"open","ping_status":"closed","sticky":false,"template":"","format":"standard","meta":{"footnotes":""},"categories":[45296,42377,34,32],"tags":[105373,3123,66563],"class_list":["post-458248","post","type-post","status-publish","format-standard","hentry","category-copertina","category-altri-sport","category-cronaca","category-sport","tag-equipe-cycliste-groupama-fdj","tag-incidente-stradale","tag-rianimazione-santa-corona","post_cat_citta-pietra-ligure","post_tag_personaggi-samuele-manfredi"],"amp_validity":null,"amp_enabled":true,"_links":{"self":[{"href":"https:\/\/staging.ivg.it\/ediapi\/wp\/v2\/posts\/458248","targetHints":{"allow":["GET"]}}],"collection":[{"href":"https:\/\/staging.ivg.it\/ediapi\/wp\/v2\/posts"}],"about":[{"href":"https:\/\/staging.ivg.it\/ediapi\/wp\/v2\/types\/post"}],"author":[{"embeddable":true,"href":"https:\/\/staging.ivg.it\/ediapi\/wp\/v2\/users\/12120"}],"replies":[{"embeddable":true,"href":"https:\/\/staging.ivg.it\/ediapi\/wp\/v2\/comments?post=458248"}],"version-history":[{"count":0,"href":"https:\/\/staging.ivg.it\/ediapi\/wp\/v2\/posts\/458248\/revisions"}],"wp:attachment":[{"href":"https:\/\/staging.ivg.it\/ediapi\/wp\/v2\/media?parent=458248"}],"wp:term":[{"taxonomy":"category","embeddable":true,"href":"https:\/\/staging.ivg.it\/ediapi\/wp\/v2\/categories?post=458248"},{"taxonomy":"post_tag","embeddable":true,"href":"https:\/\/staging.ivg.it\/ediapi\/wp\/v2\/tags?post=458248"}],"curies":[{"name":"wp","href":"https:\/\/api.w.org\/{rel}","templated":true}]}}