{"id":458140,"date":"2019-02-01T09:58:57","date_gmt":"2019-02-01T08:58:57","guid":{"rendered":"http:\/\/www.ivg.it\/?p=458140"},"modified":"2019-02-01T09:59:57","modified_gmt":"2019-02-01T08:59:57","slug":"in-liguria-caccia-chiusa-anzi-no-la-protesta-dellenpa-contro-la-deroga-per-alcune-specie","status":"publish","type":"post","link":"https:\/\/staging.ivg.it\/2019\/02\/in-liguria-caccia-chiusa-anzi-no-la-protesta-dellenpa-contro-la-deroga-per-alcune-specie\/","title":{"rendered":"&#8220;In Liguria caccia chiusa, anzi no&#8221;: la protesta dell&#8217;Enpa contro la deroga per alcune specie"},"content":{"rendered":"<p><strong>Savona<\/strong>. &#8220;Si \u00e8 chiusa ieri, gioved\u00ec 31 gennaio, la stagione di caccia 2018-2019; ma in Liguria, per mano della giunta di centrodestra del presidente Toti e dell\u2019assessore Mai, concordi tutti gli altri partiti ad eccezione del Movimento 5 Stelle, continua fino al 10 febbraio a colombacci, cornacchie grigie e nere, gazze e ghiandaie (specie tra le pi\u00f9 intelligenti e sociali del mondo animale) e fino al 14 marzo ai cuccioli di daino e capriolo ed alle loro madri, sorelle, zie e nonne&#8221;. A dirlo \u00e8 la Protezione Animali savonese secondo cui &#8220;l\u2019attivit\u00e0 venatoria dannegger\u00e0 la stagione riproduttiva degli animali, gi\u00e0 in corso da diversi giorni e che si intensificher\u00e0 a febbraio e marzo; coppie di selvatici che stanno scaldando uova e tra poco i piccoli, abbandoneranno il nido impauriti dalle fucilate e, con questo freddo, ne verr\u00e0 quasi certamente causata la morte&#8221;.<\/p>\n<p>&#8220;Una stagione segnata dai rinnovati e reiterati attacchi alla legge nazionale 157\/1992 e, come tristemente accade ogni anno, dalle vittime umane e animali. In questi mesi &#8211; spiega Andrea Brutti, dell&#8217;Ufficio Fauna Selvatica di Enpa &#8211; alcuni esponenti di governo, nell&#8217;affannosa e parossistica ricerca del consenso elettorale, hanno portato avanti un chiaro disegno politico teso a smantellare la legge 157 del 1992 sulla protezione della fauna selvatica&#8221;.<\/p>\n<p>&#8220;L&#8217;ultimo tentativo, fortunatamente andato a vuoto, risale al decreto &#8216;Semplificazioni&#8217; dove Lega prima e Forza Italia poi hanno cercato di ribaltare la normativa. Dalla caccia in deroga a specie non cacciabili alla cattura degli uccelli da imprigionare e sfruttare come richiami vivi, dalla cancellazione dei pareri dell&#8217;ISPRA all&#8217;introduzione della figura del cacciatore\/selecontrollore, estranea alla legge nazionale ma utilizzata dalle regioni per consentire alle doppiette di sparare tutto l&#8217;anno, nonostante 5 sentenze di incostituzionalit\u00e0, queste norme &#8211; se approvate &#8211; avrebbero creato un vero scenario di Far West venatorio. Da aggiungere poi i tentativi di aprire alle uccisioni di specie particolarmente protette &#8211; lupi e orsi &#8211; come fanno chiaramente intendere dichiarazioni del ministro Centinaio e di altri esponenti leghisti, in merito ad avere mano libera su questi animali. Intanto, mentre la politica perde tempo con queste forzature, il pi\u00f9 delle volte destinate a fallire anche per la forte opposizione dell&#8217;opinione pubblica, di caccia si continua a morire. Perch\u00e9, per alcuni il vero problema non \u00e8 quello di garantire l&#8217;incolumit\u00e0 e la sicurezza pubblica dalle doppiette &#8211; al 31 dicembre 2018, l&#8217;Associazione Vittime della Caccia ha censito 16 morti e 49 feriti &#8211; salvando vite umane e animali, ma di concedere una vera deregulation&#8221; concludono dall&#8217;Enpa.<\/p>\n","protected":false},"excerpt":{"rendered":"<p>L&#8217;accusa: &#8220;L\u2019attivit\u00e0 venatoria dannegger\u00e0 la stagione riproduttiva degli animali, gi\u00e0 in corso da diversi giorni e che si intensificher\u00e0 a febbraio e marzo&#8221;<\/p>\n","protected":false},"author":2394,"featured_media":0,"comment_status":"open","ping_status":"closed","sticky":false,"template":"","format":"standard","meta":{"footnotes":""},"categories":[56],"tags":[899,29794,56443],"class_list":["post-458140","post","type-post","status-publish","format-standard","hentry","category-altre","tag-caccia","tag-enpa-savona","tag-protezione-animali-savonese","post_cat_citta-savona"],"amp_validity":null,"amp_enabled":true,"_links":{"self":[{"href":"https:\/\/staging.ivg.it\/ediapi\/wp\/v2\/posts\/458140","targetHints":{"allow":["GET"]}}],"collection":[{"href":"https:\/\/staging.ivg.it\/ediapi\/wp\/v2\/posts"}],"about":[{"href":"https:\/\/staging.ivg.it\/ediapi\/wp\/v2\/types\/post"}],"author":[{"embeddable":true,"href":"https:\/\/staging.ivg.it\/ediapi\/wp\/v2\/users\/2394"}],"replies":[{"embeddable":true,"href":"https:\/\/staging.ivg.it\/ediapi\/wp\/v2\/comments?post=458140"}],"version-history":[{"count":0,"href":"https:\/\/staging.ivg.it\/ediapi\/wp\/v2\/posts\/458140\/revisions"}],"wp:attachment":[{"href":"https:\/\/staging.ivg.it\/ediapi\/wp\/v2\/media?parent=458140"}],"wp:term":[{"taxonomy":"category","embeddable":true,"href":"https:\/\/staging.ivg.it\/ediapi\/wp\/v2\/categories?post=458140"},{"taxonomy":"post_tag","embeddable":true,"href":"https:\/\/staging.ivg.it\/ediapi\/wp\/v2\/tags?post=458140"}],"curies":[{"name":"wp","href":"https:\/\/api.w.org\/{rel}","templated":true}]}}