{"id":458139,"date":"2019-02-01T09:36:49","date_gmt":"2019-02-01T08:36:49","guid":{"rendered":"http:\/\/www.ivg.it\/?p=458139"},"modified":"2019-02-01T09:36:49","modified_gmt":"2019-02-01T08:36:49","slug":"a-carcare-eletta-la-nuova-consulta-giovanile-che-si-aggiunge-al-ricco-panorama-associativo","status":"publish","type":"post","link":"https:\/\/staging.ivg.it\/2019\/02\/a-carcare-eletta-la-nuova-consulta-giovanile-che-si-aggiunge-al-ricco-panorama-associativo\/","title":{"rendered":"A Carcare eletta la nuova Consulta giovanile che si aggiunge al ricco panorama associativo"},"content":{"rendered":"<p><strong>Carcare<\/strong>. Prende il via l&#8217;avventura della neoeletta Consulta giovanile di Carcare. Dopo il risultato delle &#8220;urne&#8221;, ieri il gruppo si \u00e8 riunito per nominare il leader della squadra di giovanissimi pronta a scendere in campo al fianco delle altre associazioni.<\/p>\n<p>A Calogero &#8220;Lillo&#8221; Boscarino \u00e8 stato assegnato il ruolo di presidente, a Gabriele Sardi quello di vice ed Elise Tortarolo sar\u00e0 la segretaria. Eletti in veste di consiglieri Alessandro Zirano, Veiz Dervishi e Irene Asteggiano e Valentina Boscarino.<\/p>\n<p>&#8220;\u00c8 un gruppo vivace, dinamico e appassionato &#8211; commenta il consigliere comunale alle Politiche giovanili, Andrea Alloisio -. A breve ci sar\u00e0 l&#8217;insediamento ufficiale e a seguire inizier\u00e0 per i ragazzi un periodo di rodaggio affinch\u00e9 imparino a conoscere gli ingranaggi della macchina pubblica. Sono fiducioso perch\u00e9 hanno gi\u00e0 dimostrato interesse per la vita del paese, e sono pronti a collaborare con il volontariato carcarese&#8221;.<\/p>\n","protected":false},"excerpt":{"rendered":"<p>Alloisio: &#8220;Un bel gruppo di ragazzi motivati a dare un contributo al volontariato&#8221; <\/p>\n","protected":false},"author":2394,"featured_media":0,"comment_status":"open","ping_status":"closed","sticky":false,"template":"","format":"standard","meta":{"footnotes":""},"categories":[56],"tags":[9652],"class_list":["post-458139","post","type-post","status-publish","format-standard","hentry","category-altre","tag-consulta-giovanile","post_cat_citta-carcare"],"amp_validity":null,"amp_enabled":true,"_links":{"self":[{"href":"https:\/\/staging.ivg.it\/ediapi\/wp\/v2\/posts\/458139","targetHints":{"allow":["GET"]}}],"collection":[{"href":"https:\/\/staging.ivg.it\/ediapi\/wp\/v2\/posts"}],"about":[{"href":"https:\/\/staging.ivg.it\/ediapi\/wp\/v2\/types\/post"}],"author":[{"embeddable":true,"href":"https:\/\/staging.ivg.it\/ediapi\/wp\/v2\/users\/2394"}],"replies":[{"embeddable":true,"href":"https:\/\/staging.ivg.it\/ediapi\/wp\/v2\/comments?post=458139"}],"version-history":[{"count":0,"href":"https:\/\/staging.ivg.it\/ediapi\/wp\/v2\/posts\/458139\/revisions"}],"wp:attachment":[{"href":"https:\/\/staging.ivg.it\/ediapi\/wp\/v2\/media?parent=458139"}],"wp:term":[{"taxonomy":"category","embeddable":true,"href":"https:\/\/staging.ivg.it\/ediapi\/wp\/v2\/categories?post=458139"},{"taxonomy":"post_tag","embeddable":true,"href":"https:\/\/staging.ivg.it\/ediapi\/wp\/v2\/tags?post=458139"}],"curies":[{"name":"wp","href":"https:\/\/api.w.org\/{rel}","templated":true}]}}